{"id":97614,"date":"2025-06-06T15:48:19","date_gmt":"2025-06-06T15:48:19","guid":{"rendered":"http:\/\/mppee.gob.ve\/?p=97614"},"modified":"2025-06-06T15:48:21","modified_gmt":"2025-06-06T15:48:21","slug":"usuarios-mirandinos-seran-atendidos-en-jornadas-integrales-2","status":"publish","type":"post","link":"https:\/\/mppee.gob.ve\/?p=97614","title":{"rendered":"Usuarios mirandinos ser\u00e1n atendidos en jornadas integrales"},"content":{"rendered":"\n<p><strong>Estado Miranda.-<\/strong> La Corporaci\u00f3n El\u00e9ctrica Nacional (CORPOELEC) desplegar\u00e1 a sus agentes comerciales este s\u00e1bado 07 de junio, para asesorar y atender a los usuarios y usuarias mirandinos a trav\u00e9s de jornadas integrales.<\/p>\n\n\n\n<p>Los asistentes podr\u00e1n realizar actualizaci\u00f3n de datos, consulta de saldo, recibir asesor\u00eda sobre su servicio el\u00e9ctrico y pagar sus facturas, a trav\u00e9s de los puntos de ventas autorizados, en un horario comprendido desde las 09:00 de la ma\u00f1ana hasta las 02:00 de la tarde.<\/p>\n\n\n\n<p>Los centros de atenci\u00f3n disponibles son los siguientes:<\/p>\n\n\n\n<p>&#8211; Centro de Servicio Corpoelec Paracotos, calle Pio A Rengifo, edificio Corpoelec, municipio Guaicaipuro.<\/p>\n\n\n\n<p>&#8211; Centro Comercial Luz El\u00e9ctrica, calle Miquil\u00e9n, piso 2, municipio Guaicaipuro.<\/p>\n\n\n\n<p>&#8211; Centro Comercial Hito, avenida Berm\u00fadez, sector El Llano cruce con calle Carabobo, municipio Guaicaipuro.<\/p>\n\n\n\n<p>&#8211; Centro Comercial Galer\u00edas Las Am\u00e9ricas, piso 1, carretera Panamericana kil\u00f3metro 15, municipio Los Salias.<\/p>\n\n\n\n<p>&#8211; Urbanizaci\u00f3n Castillejo, Conjunto Residencial Fort\u00edn San Pedro, maternal Eulalia Buroz. Guatire, municipio Zamora.<\/p>\n\n\n\n<p>Para mayor informaci\u00f3n sobre las Jornadas Integrales de Atenci\u00f3n al Usuario, pueden visitar la cuenta @corpoelecinfo en la red social Instagram.<\/p>\n\n\n\n<p><strong>Prensa MPPEE-CORPOELEC<\/strong><\/p>\n\n\n\n<p><\/p>\n","protected":false},"excerpt":{"rendered":"<p>Estado Miranda.- La Corporaci\u00f3n El\u00e9ctrica Nacional (CORPOELEC) desplegar\u00e1 a sus agentes comerciales este s\u00e1bado 07 de junio, para asesorar y<\/p>\n","protected":false},"author":24,"featured_media":96846,"comment_status":"closed","ping_status":"closed","sticky":false,"template":"","format":"standard","meta":{"footnotes":""},"categories":[30],"tags":[2691,2803,2709,11,2744,46],"class_list":["post-97614","post","type-post","status-publish","format-standard","has-post-thumbnail","hentry","category-regionales","tag-corpoelec","tag-jornada-de-atencion-al-usuario","tag-miranda","tag-mppee","tag-sen","tag-venezuela"],"_links":{"self":[{"href":"https:\/\/mppee.gob.ve\/index.php?rest_route=\/wp\/v2\/posts\/97614","targetHints":{"allow":["GET"]}}],"collection":[{"href":"https:\/\/mppee.gob.ve\/index.php?rest_route=\/wp\/v2\/posts"}],"about":[{"href":"https:\/\/mppee.gob.ve\/index.php?rest_route=\/wp\/v2\/types\/post"}],"author":[{"embeddable":true,"href":"https:\/\/mppee.gob.ve\/index.php?rest_route=\/wp\/v2\/users\/24"}],"replies":[{"embeddable":true,"href":"https:\/\/mppee.gob.ve\/index.php?rest_route=%2Fwp%2Fv2%2Fcomments&post=97614"}],"version-history":[{"count":1,"href":"https:\/\/mppee.gob.ve\/index.php?rest_route=\/wp\/v2\/posts\/97614\/revisions"}],"predecessor-version":[{"id":97615,"href":"https:\/\/mppee.gob.ve\/index.php?rest_route=\/wp\/v2\/posts\/97614\/revisions\/97615"}],"wp:featuredmedia":[{"embeddable":true,"href":"https:\/\/mppee.gob.ve\/index.php?rest_route=\/wp\/v2\/media\/96846"}],"wp:attachment":[{"href":"https:\/\/mppee.gob.ve\/index.php?rest_route=%2Fwp%2Fv2%2Fmedia&parent=97614"}],"wp:term":[{"taxonomy":"category","embeddable":true,"href":"https:\/\/mppee.gob.ve\/index.php?rest_route=%2Fwp%2Fv2%2Fcategories&post=97614"},{"taxonomy":"post_tag","embeddable":true,"href":"https:\/\/mppee.gob.ve\/index.php?rest_route=%2Fwp%2Fv2%2Ftags&post=97614"}],"curies":[{"name":"wp","href":"https:\/\/api.w.org\/{rel}","templated":true}]}}