{"id":97621,"date":"2025-06-06T17:08:56","date_gmt":"2025-06-06T17:08:56","guid":{"rendered":"http:\/\/mppee.gob.ve\/?p=97621"},"modified":"2025-06-19T20:44:45","modified_gmt":"2025-06-19T20:44:45","slug":"cptt-del-zulia-entregan-propuesta-para-fortalecer-el-sen","status":"publish","type":"post","link":"https:\/\/mppee.gob.ve\/?p=97621","title":{"rendered":"CPTT del Zulia entrega propuesta para fortalecer el SEN"},"content":{"rendered":"\n<p><strong>San Bernardino, Caracas.- <\/strong>En un encuentro que prioriza el di\u00e1logo propositivo, el ministro del Poder Popular para la Energ\u00eda El\u00e9ctrica, Jorge M\u00e1rquez, intercambi\u00f3 perspectivas para optimizar la toma de decisiones con voceros del Consejo Productivo de Trabajadores y Trabajadoras (CPTT) del estado Zulia.<\/p>\n\n\n\n<p>La reuni\u00f3n celebrada en San Bernardino, ubicada en Caracas, sirvi\u00f3 para presentar la Agenda Concreta de Acci\u00f3n (ACA) que establece propuestas para solventar nudos cr\u00edticos que dificultan la prestaci\u00f3n del servicio.<\/p>\n\n\n\n<p>Esta es la segunda asamblea que se desarrolla con representantes de los CPTT del Sistema El\u00e9ctrico Nacional (SEN), luego del encuentro sostenido con l\u00edderes del estado Monagas a principios del mes de mayo.<\/p>\n\n\n\n<p>Esta iniciativa respaldada por el presidente de la Rep\u00fablica, Nicol\u00e1s Maduro, cumple con la palabra empe\u00f1ada en octubre pasado, cuando convoc\u00f3 a la ampliaci\u00f3n de las organizaciones obreras y la definici\u00f3n de prioridades para potenciar el desarrollo del sector el\u00e9ctrico.<\/p>\n\n\n\n<p>La comunicaci\u00f3n permanente con los trabajadores y las trabajadoras es una m\u00e1xima del Ministerio del Poder Popular para la Energ\u00eda El\u00e9ctrica (MPPEE), que defiende la unidad y el liderazgo obrero como elementos fundamentales para combatir la corrupci\u00f3n y avanzar hacia la consolidaci\u00f3n de un SEN s\u00f3lido que responda a las necesidades de los venezolanos.<\/p>\n\n\n\n<p><strong>Prensa MPPEE-CORPOELEC<\/strong><\/p>\n","protected":false},"excerpt":{"rendered":"<p>San Bernardino, Caracas.- En un encuentro que prioriza el di\u00e1logo propositivo, el ministro del Poder Popular para la Energ\u00eda El\u00e9ctrica,<\/p>\n","protected":false},"author":24,"featured_media":97622,"comment_status":"closed","ping_status":"closed","sticky":false,"template":"","format":"standard","meta":{"footnotes":""},"categories":[15],"tags":[2762,11,46],"class_list":["post-97621","post","type-post","status-publish","format-standard","has-post-thumbnail","hentry","category-nacionales","tag-cptt","tag-mppee","tag-venezuela"],"_links":{"self":[{"href":"https:\/\/mppee.gob.ve\/index.php?rest_route=\/wp\/v2\/posts\/97621","targetHints":{"allow":["GET"]}}],"collection":[{"href":"https:\/\/mppee.gob.ve\/index.php?rest_route=\/wp\/v2\/posts"}],"about":[{"href":"https:\/\/mppee.gob.ve\/index.php?rest_route=\/wp\/v2\/types\/post"}],"author":[{"embeddable":true,"href":"https:\/\/mppee.gob.ve\/index.php?rest_route=\/wp\/v2\/users\/24"}],"replies":[{"embeddable":true,"href":"https:\/\/mppee.gob.ve\/index.php?rest_route=%2Fwp%2Fv2%2Fcomments&post=97621"}],"version-history":[{"count":2,"href":"https:\/\/mppee.gob.ve\/index.php?rest_route=\/wp\/v2\/posts\/97621\/revisions"}],"predecessor-version":[{"id":97986,"href":"https:\/\/mppee.gob.ve\/index.php?rest_route=\/wp\/v2\/posts\/97621\/revisions\/97986"}],"wp:featuredmedia":[{"embeddable":true,"href":"https:\/\/mppee.gob.ve\/index.php?rest_route=\/wp\/v2\/media\/97622"}],"wp:attachment":[{"href":"https:\/\/mppee.gob.ve\/index.php?rest_route=%2Fwp%2Fv2%2Fmedia&parent=97621"}],"wp:term":[{"taxonomy":"category","embeddable":true,"href":"https:\/\/mppee.gob.ve\/index.php?rest_route=%2Fwp%2Fv2%2Fcategories&post=97621"},{"taxonomy":"post_tag","embeddable":true,"href":"https:\/\/mppee.gob.ve\/index.php?rest_route=%2Fwp%2Fv2%2Ftags&post=97621"}],"curies":[{"name":"wp","href":"https:\/\/api.w.org\/{rel}","templated":true}]}}