{"id":97817,"date":"2025-06-13T19:26:12","date_gmt":"2025-06-13T19:26:12","guid":{"rendered":"http:\/\/mppee.gob.ve\/?p=97817"},"modified":"2025-06-13T19:26:15","modified_gmt":"2025-06-13T19:26:15","slug":"con-arpa-cuatro-y-maracas-trabajadores-del-sector-electrico-celebraron-el-dia-del-padre","status":"publish","type":"post","link":"https:\/\/mppee.gob.ve\/?p=97817","title":{"rendered":"Con arpa, cuatro y maracas trabajadores del sector el\u00e9ctrico celebraron el D\u00eda del Padre"},"content":{"rendered":"\n<p><strong>San Bernardino, Caracas.- <\/strong>Entre alegr\u00eda, m\u00fasica llanera y aplausos, trabajadores del sector el\u00e9ctrico que hacen vida en la Torre Ministerial, celebraron el D\u00eda del Padre, mientras degustaban del men\u00fa balanceado ofrecido por la Fundaci\u00f3n de Servicio de Alimentaci\u00f3n para los trabajadores del Sistema El\u00e9ctrico Nacional (Funsasen).<\/p>\n\n\n\n<p>En este sentido, Le\u00f3n Gonz\u00e1lez, animador del grupo musical \u201cBrisas de Atamaica\u201d, destac\u00f3 el car\u00e1cter ejemplar de los padres del sector, por lo que ofreci\u00f3 un variado repertorio para el disfrute de todos los presentes.<\/p>\n\n\n\n<p>\u201cLa m\u00fasica es la que nos identifica a todos los venezolanos y venezolanas por el D\u00eda del Padre\u201d, resalt\u00f3.<br>Por su parte, Manuel Jos\u00e9, vocalista y compositor del grupo musical, calific\u00f3 como \u201cun privilegio estar en la celebraci\u00f3n del D\u00eda del Padre con toda la familia de CORPOELEC, es un aut\u00e9ntico regalo para todos los padres\u201d.<\/p>\n\n\n\n<p>Entre los temas ofrecidos por la agrupaci\u00f3n musical, destacaron \u201cPalmaritales de Arauca\u201d, \u201cPrisionero de tus besos\u201d, \u201cla Cadena de chisme\u201d, \u201cLinda Barinas\u201d, \u201cCaballo Viejo\u201d, entre otros.<\/p>\n\n\n\n<p>En tanto, los padres del sector agradecieron la iniciativa de las instituciones por el sentido homenaje que se les realiz\u00f3.<\/p>\n\n\n\n<p>Hip\u00f3lito G\u00f3mez, trabajador del departamento de Seguridad Integral del MPPEE, manifest\u00f3 sentirse \u201ccontento por tomarnos en cuenta en este momento tan especial, gracias\u201d, expres\u00f3.<\/p>\n\n\n\n<p>Finalmente, Marco Rodr\u00edguez, personal jubilado, agradeci\u00f3 a las autoridades por tan emotiva celebraci\u00f3n que resalta el compromiso de los padres del sector el\u00e9ctrico.<\/p>\n\n\n\n<p><strong>Prensa MPPEE-CORPOELEC \/ Mar\u00eda Eugenia Delgado<\/strong><\/p>\n\n\n\n<p><\/p>\n","protected":false},"excerpt":{"rendered":"<p>San Bernardino, Caracas.- Entre alegr\u00eda, m\u00fasica llanera y aplausos, trabajadores del sector el\u00e9ctrico que hacen vida en la Torre Ministerial,<\/p>\n","protected":false},"author":24,"featured_media":97818,"comment_status":"closed","ping_status":"closed","sticky":false,"template":"","format":"standard","meta":{"footnotes":""},"categories":[1],"tags":[2691,3054,2993,11,46],"class_list":["post-97817","post","type-post","status-publish","format-standard","has-post-thumbnail","hentry","category-mppee","tag-corpoelec","tag-dia-del-padre","tag-funsasen","tag-mppee","tag-venezuela"],"_links":{"self":[{"href":"https:\/\/mppee.gob.ve\/index.php?rest_route=\/wp\/v2\/posts\/97817","targetHints":{"allow":["GET"]}}],"collection":[{"href":"https:\/\/mppee.gob.ve\/index.php?rest_route=\/wp\/v2\/posts"}],"about":[{"href":"https:\/\/mppee.gob.ve\/index.php?rest_route=\/wp\/v2\/types\/post"}],"author":[{"embeddable":true,"href":"https:\/\/mppee.gob.ve\/index.php?rest_route=\/wp\/v2\/users\/24"}],"replies":[{"embeddable":true,"href":"https:\/\/mppee.gob.ve\/index.php?rest_route=%2Fwp%2Fv2%2Fcomments&post=97817"}],"version-history":[{"count":1,"href":"https:\/\/mppee.gob.ve\/index.php?rest_route=\/wp\/v2\/posts\/97817\/revisions"}],"predecessor-version":[{"id":97819,"href":"https:\/\/mppee.gob.ve\/index.php?rest_route=\/wp\/v2\/posts\/97817\/revisions\/97819"}],"wp:featuredmedia":[{"embeddable":true,"href":"https:\/\/mppee.gob.ve\/index.php?rest_route=\/wp\/v2\/media\/97818"}],"wp:attachment":[{"href":"https:\/\/mppee.gob.ve\/index.php?rest_route=%2Fwp%2Fv2%2Fmedia&parent=97817"}],"wp:term":[{"taxonomy":"category","embeddable":true,"href":"https:\/\/mppee.gob.ve\/index.php?rest_route=%2Fwp%2Fv2%2Fcategories&post=97817"},{"taxonomy":"post_tag","embeddable":true,"href":"https:\/\/mppee.gob.ve\/index.php?rest_route=%2Fwp%2Fv2%2Ftags&post=97817"}],"curies":[{"name":"wp","href":"https:\/\/api.w.org\/{rel}","templated":true}]}}