{"id":97824,"date":"2025-06-13T20:25:36","date_gmt":"2025-06-13T20:25:36","guid":{"rendered":"http:\/\/mppee.gob.ve\/?p=97824"},"modified":"2025-06-13T20:25:38","modified_gmt":"2025-06-13T20:25:38","slug":"corpoelec-brinda-asesoria-integral-a-usuarios-mirandinos","status":"publish","type":"post","link":"https:\/\/mppee.gob.ve\/?p=97824","title":{"rendered":"CORPOELEC brinda asesor\u00eda integral a usuarios mirandinos"},"content":{"rendered":"\n<p><strong>Estado Miranda.- <\/strong>La Corporaci\u00f3n El\u00e9ctrica Nacional (CORPOELEC) realizar\u00e1 este s\u00e1bado 14 de junio, Jornadas Integrales de Atenci\u00f3n al Usuario en el estado Miranda.<\/p>\n\n\n\n<p>Los asistentes podr\u00e1n realizar actualizaci\u00f3n de datos, consulta de saldo, recibir asesor\u00eda sobre su servicio el\u00e9ctrico y pagar sus facturas, a trav\u00e9s de los puntos de ventas autorizados, en un horario comprendido desde las 09:00 de la ma\u00f1ana hasta las 02:00 de la tarde.<\/p>\n\n\n\n<p>Los puntos de atenci\u00f3n estar\u00e1n ubicados en:<\/p>\n\n\n\n<p>&#8211; Centro de Servicios CORPOELEC Paracotos, calle Pio A Rengifo, edificio CORPOELEC, municipio Guaicaipuro.<\/p>\n\n\n\n<p>&#8211; Centro Comercial Luz El\u00e9ctrica, calle Miquil\u00e9n, piso 2, municipio Guaicaipuro.<\/p>\n\n\n\n<p>&#8211; Centro Comercial Galer\u00edas Las Am\u00e9ricas, piso 1, carretera Panamericana kil\u00f3metro 15, municipio Los Salias.<\/p>\n\n\n\n<p>&#8211; Sector El Rinc\u00f3n El Panadero, calle principal El Trigo, residencias Lagunetica, municipio Guaicaipuro.<\/p>\n\n\n\n<p>&#8211; Conjunto Residencial Alto Grande, carretera nacional Guatire &#8211; Guarenas Km 2 y 3, municipio Zamora.<\/p>\n\n\n\n<p>Para mayor informaci\u00f3n sobre las Jornadas Integrales de Atenci\u00f3n al Usuario, pueden visitar la cuenta @corpoelecinfo en la red social Instagram.<\/p>\n\n\n\n<p><strong>Prensa MPPEE-CORPOELEC<\/strong><\/p>\n","protected":false},"excerpt":{"rendered":"<p>Estado Miranda.- La Corporaci\u00f3n El\u00e9ctrica Nacional (CORPOELEC) realizar\u00e1 este s\u00e1bado 14 de junio, Jornadas Integrales de Atenci\u00f3n al Usuario en<\/p>\n","protected":false},"author":24,"featured_media":97492,"comment_status":"closed","ping_status":"closed","sticky":false,"template":"","format":"standard","meta":{"footnotes":""},"categories":[30],"tags":[2691,2803,2709,11,2744,46],"class_list":["post-97824","post","type-post","status-publish","format-standard","has-post-thumbnail","hentry","category-regionales","tag-corpoelec","tag-jornada-de-atencion-al-usuario","tag-miranda","tag-mppee","tag-sen","tag-venezuela"],"_links":{"self":[{"href":"https:\/\/mppee.gob.ve\/index.php?rest_route=\/wp\/v2\/posts\/97824","targetHints":{"allow":["GET"]}}],"collection":[{"href":"https:\/\/mppee.gob.ve\/index.php?rest_route=\/wp\/v2\/posts"}],"about":[{"href":"https:\/\/mppee.gob.ve\/index.php?rest_route=\/wp\/v2\/types\/post"}],"author":[{"embeddable":true,"href":"https:\/\/mppee.gob.ve\/index.php?rest_route=\/wp\/v2\/users\/24"}],"replies":[{"embeddable":true,"href":"https:\/\/mppee.gob.ve\/index.php?rest_route=%2Fwp%2Fv2%2Fcomments&post=97824"}],"version-history":[{"count":1,"href":"https:\/\/mppee.gob.ve\/index.php?rest_route=\/wp\/v2\/posts\/97824\/revisions"}],"predecessor-version":[{"id":97825,"href":"https:\/\/mppee.gob.ve\/index.php?rest_route=\/wp\/v2\/posts\/97824\/revisions\/97825"}],"wp:featuredmedia":[{"embeddable":true,"href":"https:\/\/mppee.gob.ve\/index.php?rest_route=\/wp\/v2\/media\/97492"}],"wp:attachment":[{"href":"https:\/\/mppee.gob.ve\/index.php?rest_route=%2Fwp%2Fv2%2Fmedia&parent=97824"}],"wp:term":[{"taxonomy":"category","embeddable":true,"href":"https:\/\/mppee.gob.ve\/index.php?rest_route=%2Fwp%2Fv2%2Fcategories&post=97824"},{"taxonomy":"post_tag","embeddable":true,"href":"https:\/\/mppee.gob.ve\/index.php?rest_route=%2Fwp%2Fv2%2Ftags&post=97824"}],"curies":[{"name":"wp","href":"https:\/\/api.w.org\/{rel}","templated":true}]}}