{"id":97839,"date":"2025-06-16T02:29:12","date_gmt":"2025-06-16T02:29:12","guid":{"rendered":"http:\/\/mppee.gob.ve\/?p=97839"},"modified":"2025-07-07T17:38:07","modified_gmt":"2025-07-07T17:38:07","slug":"corpoelec-ejecuta-maniobras-de-emergencia-por-afectaciones-climaticas-en-merida","status":"publish","type":"post","link":"https:\/\/mppee.gob.ve\/?p=97839","title":{"rendered":"CORPOELEC ejecuta maniobras por afectaciones clim\u00e1ticas en M\u00e9rida"},"content":{"rendered":"\n<p><strong>Estado M\u00e9rida<\/strong>.- Ratificando el compromiso de trabajo en favor de las comunidades meride\u00f1as, la Corporaci\u00f3n El\u00e9ctrica Nacional (CORPOELEC), se despleg\u00f3 con sus cuadrillas de trabajadores en diferentes municipios de la entidad andina, para garantizar el flujo del servicio el\u00e9ctrico de manera oportuna, que ha sido afectado por las fuertes lluvias acaecidas en las \u00faltimas horas.<\/p>\n\n\n\n<p>En este sentido,  se realiz\u00f3 un mantenimiento correctivo en las l\u00edneas de transmisi\u00f3n y distribuci\u00f3n que abarcan desde la Planta \u00abJos\u00e9 Antonio P\u00e1ez\u00bb, hasta las subestaciones Mucubaj\u00ed y M\u00e9rida II.Asimismo, fueron atendidos m\u00e1s de mil 200 metros de conductores, afectados por la ca\u00edda de \u00e1rboles de gran magnitud en el sector El Valle, parroquia Gonzalo Pic\u00f3n Febres, del municipio Libertador.<\/p>\n\n\n\n<p>De esta manera, el Ministerio del Poder Popular para la Energ\u00eda El\u00e9ctrica y la Corporaci\u00f3n El\u00e9ctrica Nacional (CORPOELEC), de la mano de sus trabajadores, brindan una respuesta inmediata y oportuna a las comunidades, garantizando el servicio el\u00e9ctrico en forma eficiente.<\/p>\n\n\n\n<p>La estatal el\u00e9ctrica se mantiene en despliegue permanente para atender las zonas afectadas por el paso de ondas tropicales en el territorio nacional. <\/p>\n\n\n\n<p><strong>Prensa MPPEE-CORPOELEC<\/strong><\/p>\n","protected":false},"excerpt":{"rendered":"<p>Estado M\u00e9rida.- Ratificando el compromiso de trabajo en favor de las comunidades meride\u00f1as, la Corporaci\u00f3n El\u00e9ctrica Nacional (CORPOELEC), se despleg\u00f3<\/p>\n","protected":false},"author":22,"featured_media":97844,"comment_status":"closed","ping_status":"closed","sticky":false,"template":"","format":"standard","meta":{"footnotes":""},"categories":[30],"tags":[2691,2742,11,2744,46],"class_list":["post-97839","post","type-post","status-publish","format-standard","has-post-thumbnail","hentry","category-regionales","tag-corpoelec","tag-merida","tag-mppee","tag-sen","tag-venezuela"],"_links":{"self":[{"href":"https:\/\/mppee.gob.ve\/index.php?rest_route=\/wp\/v2\/posts\/97839","targetHints":{"allow":["GET"]}}],"collection":[{"href":"https:\/\/mppee.gob.ve\/index.php?rest_route=\/wp\/v2\/posts"}],"about":[{"href":"https:\/\/mppee.gob.ve\/index.php?rest_route=\/wp\/v2\/types\/post"}],"author":[{"embeddable":true,"href":"https:\/\/mppee.gob.ve\/index.php?rest_route=\/wp\/v2\/users\/22"}],"replies":[{"embeddable":true,"href":"https:\/\/mppee.gob.ve\/index.php?rest_route=%2Fwp%2Fv2%2Fcomments&post=97839"}],"version-history":[{"count":4,"href":"https:\/\/mppee.gob.ve\/index.php?rest_route=\/wp\/v2\/posts\/97839\/revisions"}],"predecessor-version":[{"id":98410,"href":"https:\/\/mppee.gob.ve\/index.php?rest_route=\/wp\/v2\/posts\/97839\/revisions\/98410"}],"wp:featuredmedia":[{"embeddable":true,"href":"https:\/\/mppee.gob.ve\/index.php?rest_route=\/wp\/v2\/media\/97844"}],"wp:attachment":[{"href":"https:\/\/mppee.gob.ve\/index.php?rest_route=%2Fwp%2Fv2%2Fmedia&parent=97839"}],"wp:term":[{"taxonomy":"category","embeddable":true,"href":"https:\/\/mppee.gob.ve\/index.php?rest_route=%2Fwp%2Fv2%2Fcategories&post=97839"},{"taxonomy":"post_tag","embeddable":true,"href":"https:\/\/mppee.gob.ve\/index.php?rest_route=%2Fwp%2Fv2%2Ftags&post=97839"}],"curies":[{"name":"wp","href":"https:\/\/api.w.org\/{rel}","templated":true}]}}