{"id":98052,"date":"2025-06-23T14:36:42","date_gmt":"2025-06-23T14:36:42","guid":{"rendered":"http:\/\/mppee.gob.ve\/?p=98052"},"modified":"2025-06-23T14:37:24","modified_gmt":"2025-06-23T14:37:24","slug":"aplican-mantenimiento-preventivo-en-subestaciones-electricas-centro-y-el-ujano","status":"publish","type":"post","link":"https:\/\/mppee.gob.ve\/?p=98052","title":{"rendered":"Aplican mantenimiento preventivo en subestaciones el\u00e9ctricas Centro y El Ujano"},"content":{"rendered":"\n<p><strong>Barquisimeto, estado Lara.- <\/strong>Con el objetivo de fortalecer el suministro el\u00e9ctrico en la regi\u00f3n larense, la clase trabajadora de la Corporaci\u00f3n El\u00e9ctrica Nacional (CORPOELEC), realiz\u00f3 mejoras en las subestaciones el\u00e9ctricas Centro y El Ujano, ubicadas en el municipio Iribarren del estado Lara.<\/p>\n\n\n\n<p>Las labores de ingenier\u00eda, se desarrollaron en los patios de potencia de la subestaci\u00f3n Centro, con el reemplazo de un interruptor de 24\u202fkV asociado al circuito Radial Centro 1, acci\u00f3n para optimizar la distribuci\u00f3n de energ\u00eda en la zona centro-este de Barquisimeto.<\/p>\n\n\n\n<p>Por otra parte, en la subestaci\u00f3n El Ujano, los trabajadores realizaron una maniobra similar y reemplazaron un interruptor de 24kV, que permitir\u00e1 la adecuaci\u00f3n t\u00e9cnica para la activaci\u00f3n del circuito UJC26.<\/p>\n\n\n\n<p>Adem\u00e1s de estas labores, se realizaron tomas de lectura y el reemplazo de rel\u00e9s y otros componentes esenciales, lo que asegura la m\u00e1xima operatividad y confiabilidad de los equipos instalados.<\/p>\n\n\n\n<p>Se estima que estas mejoras beneficiar\u00e1n a m\u00e1s de 480 mil larenses, residentes en las parroquias Concepci\u00f3n, Catedral y Santa Rosa, garantizando un servicio el\u00e9ctrico m\u00e1s estable y eficiente en la entidad crepuscular.<\/p>\n\n\n\n<p><strong>Prensa MPPEE-CORPOELEC<\/strong><\/p>\n","protected":false},"excerpt":{"rendered":"<p>Barquisimeto, estado Lara.- Con el objetivo de fortalecer el suministro el\u00e9ctrico en la regi\u00f3n larense, la clase trabajadora de la<\/p>\n","protected":false},"author":24,"featured_media":98053,"comment_status":"closed","ping_status":"closed","sticky":false,"template":"","format":"standard","meta":{"footnotes":""},"categories":[30],"tags":[2691,2690,11,46],"class_list":["post-98052","post","type-post","status-publish","format-standard","has-post-thumbnail","hentry","category-regionales","tag-corpoelec","tag-lara","tag-mppee","tag-venezuela"],"_links":{"self":[{"href":"https:\/\/mppee.gob.ve\/index.php?rest_route=\/wp\/v2\/posts\/98052","targetHints":{"allow":["GET"]}}],"collection":[{"href":"https:\/\/mppee.gob.ve\/index.php?rest_route=\/wp\/v2\/posts"}],"about":[{"href":"https:\/\/mppee.gob.ve\/index.php?rest_route=\/wp\/v2\/types\/post"}],"author":[{"embeddable":true,"href":"https:\/\/mppee.gob.ve\/index.php?rest_route=\/wp\/v2\/users\/24"}],"replies":[{"embeddable":true,"href":"https:\/\/mppee.gob.ve\/index.php?rest_route=%2Fwp%2Fv2%2Fcomments&post=98052"}],"version-history":[{"count":1,"href":"https:\/\/mppee.gob.ve\/index.php?rest_route=\/wp\/v2\/posts\/98052\/revisions"}],"predecessor-version":[{"id":98054,"href":"https:\/\/mppee.gob.ve\/index.php?rest_route=\/wp\/v2\/posts\/98052\/revisions\/98054"}],"wp:featuredmedia":[{"embeddable":true,"href":"https:\/\/mppee.gob.ve\/index.php?rest_route=\/wp\/v2\/media\/98053"}],"wp:attachment":[{"href":"https:\/\/mppee.gob.ve\/index.php?rest_route=%2Fwp%2Fv2%2Fmedia&parent=98052"}],"wp:term":[{"taxonomy":"category","embeddable":true,"href":"https:\/\/mppee.gob.ve\/index.php?rest_route=%2Fwp%2Fv2%2Fcategories&post=98052"},{"taxonomy":"post_tag","embeddable":true,"href":"https:\/\/mppee.gob.ve\/index.php?rest_route=%2Fwp%2Fv2%2Ftags&post=98052"}],"curies":[{"name":"wp","href":"https:\/\/api.w.org\/{rel}","templated":true}]}}