{"id":98058,"date":"2025-06-23T16:05:13","date_gmt":"2025-06-23T16:05:13","guid":{"rendered":"http:\/\/mppee.gob.ve\/?p=98058"},"modified":"2025-06-23T16:26:48","modified_gmt":"2025-06-23T16:26:48","slug":"corpoelec-atendera-a-usuarios-barineses-desde-el-23-j","status":"publish","type":"post","link":"https:\/\/mppee.gob.ve\/?p=98058","title":{"rendered":"CORPOELEC atender\u00e1 a usuarios barineses desde el 23-J"},"content":{"rendered":"\n<p><strong>Estado Barinas.- <\/strong>Desde el lunes 23 de junio hasta el jueves 26 de junio, la clase trabajadora de la Corporaci\u00f3n El\u00e9ctrica Nacional (CORPOELEC) se desplegar\u00e1 en la parroquia Alto Barinas, del estado Barinas, para brindar asistencia personalizada a trav\u00e9s de Jornadas Integrales de Atenci\u00f3n al Usuario.<\/p>\n\n\n\n<p>En este sentido, los ciudadanos podr\u00e1n actualizar datos, consultar estados de cuenta, pagar facturas, registrar nuevos usuarios, recibir requerimientos y orientaci\u00f3n en la gesti\u00f3n de tr\u00e1mites relacionados con el servicio de energ\u00eda.<\/p>\n\n\n\n<p>Estas jornadas se efectuar\u00e1n desde las 9:00 de la ma\u00f1ana hasta la 02:00 de la tarde, en las siguientes direcciones:<\/p>\n\n\n\n<ul class=\"wp-block-list\">\n<li>Lunes 23\/06\/2025<br>Conjuntos Residencial Campo de Oro y Villa de Oro, parroquia Alto Barinas.<\/li>\n<\/ul>\n\n\n\n<ul class=\"wp-block-list\">\n<li>Martes 24\/06\/2025<br>Conjunto Residencial Dorado Country Club, parroquia Alto Barinas.<\/li>\n<\/ul>\n\n\n\n<ul class=\"wp-block-list\">\n<li>Mi\u00e9rcoles 25\/06\/2025<br>Urbanizaci\u00f3n Don Sim\u00f3n, parroquia Alto Barinas.<\/li>\n<\/ul>\n\n\n\n<ul class=\"wp-block-list\">\n<li>Jueves 26\/06\/2025<br>Urbanizaci\u00f3n Prados de Alto Barinas, parroquia Alto Barinas.<\/li>\n<\/ul>\n\n\n\n<p>Para mayor informaci\u00f3n sobre las Jornadas Integrales de Atenci\u00f3n al Usuario, puede visitar la cuenta @corpoelecinfo en la red social Instagram y Corpoelec Informa en Facebook.<\/p>\n\n\n\n<p><strong>Prensa MPPEE-CORPOELEC<\/strong><\/p>\n","protected":false},"excerpt":{"rendered":"<p>Estado Barinas.- Desde el lunes 23 de junio hasta el jueves 26 de junio, la clase trabajadora de la Corporaci\u00f3n<\/p>\n","protected":false},"author":24,"featured_media":98059,"comment_status":"closed","ping_status":"closed","sticky":false,"template":"","format":"standard","meta":{"footnotes":""},"categories":[30],"tags":[2758,2698,2691,3069],"class_list":["post-98058","post","type-post","status-publish","format-standard","has-post-thumbnail","hentry","category-regionales","tag-atencion","tag-barinas","tag-corpoelec","tag-usuarios"],"_links":{"self":[{"href":"https:\/\/mppee.gob.ve\/index.php?rest_route=\/wp\/v2\/posts\/98058","targetHints":{"allow":["GET"]}}],"collection":[{"href":"https:\/\/mppee.gob.ve\/index.php?rest_route=\/wp\/v2\/posts"}],"about":[{"href":"https:\/\/mppee.gob.ve\/index.php?rest_route=\/wp\/v2\/types\/post"}],"author":[{"embeddable":true,"href":"https:\/\/mppee.gob.ve\/index.php?rest_route=\/wp\/v2\/users\/24"}],"replies":[{"embeddable":true,"href":"https:\/\/mppee.gob.ve\/index.php?rest_route=%2Fwp%2Fv2%2Fcomments&post=98058"}],"version-history":[{"count":1,"href":"https:\/\/mppee.gob.ve\/index.php?rest_route=\/wp\/v2\/posts\/98058\/revisions"}],"predecessor-version":[{"id":98060,"href":"https:\/\/mppee.gob.ve\/index.php?rest_route=\/wp\/v2\/posts\/98058\/revisions\/98060"}],"wp:featuredmedia":[{"embeddable":true,"href":"https:\/\/mppee.gob.ve\/index.php?rest_route=\/wp\/v2\/media\/98059"}],"wp:attachment":[{"href":"https:\/\/mppee.gob.ve\/index.php?rest_route=%2Fwp%2Fv2%2Fmedia&parent=98058"}],"wp:term":[{"taxonomy":"category","embeddable":true,"href":"https:\/\/mppee.gob.ve\/index.php?rest_route=%2Fwp%2Fv2%2Fcategories&post=98058"},{"taxonomy":"post_tag","embeddable":true,"href":"https:\/\/mppee.gob.ve\/index.php?rest_route=%2Fwp%2Fv2%2Ftags&post=98058"}],"curies":[{"name":"wp","href":"https:\/\/api.w.org\/{rel}","templated":true}]}}