{"id":98121,"date":"2025-06-26T22:07:24","date_gmt":"2025-06-26T22:07:24","guid":{"rendered":"http:\/\/mppee.gob.ve\/?p=98121"},"modified":"2025-06-26T22:09:04","modified_gmt":"2025-06-26T22:09:04","slug":"inicia-despliegue-de-maquinaria-para-restituir-accesos-afectados-por-lluvias-en-merida","status":"publish","type":"post","link":"https:\/\/mppee.gob.ve\/?p=98121","title":{"rendered":"Inicia despliegue de maquinaria para restituir accesos afectados por lluvias en M\u00e9rida"},"content":{"rendered":"\n<p><strong>Estado M\u00e9rida.-<\/strong> A partir de una evaluaci\u00f3n minuciosa de las zonas afectadas por las intensas precipitaciones en el estado M\u00e9rida, el Gobierno Nacional inici\u00f3 el despliegue focalizado de maquinaria pesada para restituir el acceso de las v\u00edas principales en los ejes P\u00e1ramo y Metropolitano.<\/p>\n\n\n\n<p>En el contexto del balance del despliegue de la Fuerza de Tarea \u201cAndes 2025\u201d, el vicepresidente de Obras P\u00fablicas y Servicios, Jorge M\u00e1rquez, detall\u00f3 que identificaron 25 puntos prioritarios que se extienden desde el sector Las Gonz\u00e1lez, ubicado en la carretera El Vig\u00eda \u2013 M\u00e9rida, hasta El Bao, zona fronteriza con el estado Barinas.<\/p>\n\n\n\n<p>Indic\u00f3 que, en apenas 24 horas, se contabilizan victorias tempranas en Las Gonz\u00e1lez relacionadas con el restablecimiento del tr\u00e1nsito para el traslado de insumos log\u00edsticos (combustible, gas, alimentos y medicinas).<\/p>\n\n\n\n<p>\u201cYa tenemos el plan (\u2026) Cada punto fue asignado a un ingeniero del Ministerio de Obras P\u00fablicas y a un grupo de m\u00e1quinas de empresarios de la zona que van a contribuir al despeje de la v\u00eda\u201d, puntualiz\u00f3 M\u00e1rquez durante un contacto satelital con el presidente de la Rep\u00fablica, Nicol\u00e1s Maduro.<\/p>\n\n\n\n<p>Por otro lado, el gobernador del estado M\u00e9rida, Arnaldo S\u00e1nchez, explic\u00f3 que, actualmente, se registran afectaciones en 10 municipios, siete de los cuales presentan mayores niveles de complejidad.<\/p>\n\n\n\n<p>\u201cEn menos de 48 horas, hemos logrado tener un censo al 100% de las dificultades que hemos tenido, entre esas, 370 familias afectadas con viviendas\u201d, afirm\u00f3, al tiempo que inform\u00f3 que se encuentran activos tres puntos de refugio para los meride\u00f1os.<\/p>\n\n\n\n<p>La situaci\u00f3n ocasionada por el paso de la onda tropical N\u00b0 9 en el estado M\u00e9rida, deriv\u00f3 en una movilizaci\u00f3n popular para el apoyo solidario a las comunidades afectadas. Al respecto, Mayelis Moreno, residente del municipio Santos Marquina, resalt\u00f3 la capacidad de respuesta brindada por el Poder Popular.<\/p>\n\n\n\n<p>\u201cEl Poder Popular fue el primero en acudir a atender al vecino, luego el gobierno municipal y progresivamente todo el tren ejecutivo (\u2026) Todas las fuerzas militares, policiales, de Protecci\u00f3n Civil han acudido a solventar las situaciones que hemos tenido en el estado M\u00e9rida\u201d, agreg\u00f3.<\/p>\n\n\n\n<p>La Fuerza de Tarea \u201cAndes 2025\u201d brinda una respuesta r\u00e1pida ante el impacto de las lluvias en los estados M\u00e9rida, Trujillo, Barinas y T\u00e1chira, bajo un esquema que vincula al gobierno nacional, regional y municipal con el Poder Popular.<\/p>\n\n\n\n<p><strong>Prensa MPPEE-CORPOELEC<\/strong><\/p>\n","protected":false},"excerpt":{"rendered":"<p>Estado M\u00e9rida.- A partir de una evaluaci\u00f3n minuciosa de las zonas afectadas por las intensas precipitaciones en el estado M\u00e9rida,<\/p>\n","protected":false},"author":24,"featured_media":98123,"comment_status":"closed","ping_status":"closed","sticky":false,"template":"","format":"standard","meta":{"footnotes":""},"categories":[15],"tags":[3073,2742,327],"class_list":["post-98121","post","type-post","status-publish","format-standard","has-post-thumbnail","hentry","category-nacionales","tag-fuerza-de-tarea-andes-2025","tag-merida","tag-vsops"],"_links":{"self":[{"href":"https:\/\/mppee.gob.ve\/index.php?rest_route=\/wp\/v2\/posts\/98121","targetHints":{"allow":["GET"]}}],"collection":[{"href":"https:\/\/mppee.gob.ve\/index.php?rest_route=\/wp\/v2\/posts"}],"about":[{"href":"https:\/\/mppee.gob.ve\/index.php?rest_route=\/wp\/v2\/types\/post"}],"author":[{"embeddable":true,"href":"https:\/\/mppee.gob.ve\/index.php?rest_route=\/wp\/v2\/users\/24"}],"replies":[{"embeddable":true,"href":"https:\/\/mppee.gob.ve\/index.php?rest_route=%2Fwp%2Fv2%2Fcomments&post=98121"}],"version-history":[{"count":2,"href":"https:\/\/mppee.gob.ve\/index.php?rest_route=\/wp\/v2\/posts\/98121\/revisions"}],"predecessor-version":[{"id":98125,"href":"https:\/\/mppee.gob.ve\/index.php?rest_route=\/wp\/v2\/posts\/98121\/revisions\/98125"}],"wp:featuredmedia":[{"embeddable":true,"href":"https:\/\/mppee.gob.ve\/index.php?rest_route=\/wp\/v2\/media\/98123"}],"wp:attachment":[{"href":"https:\/\/mppee.gob.ve\/index.php?rest_route=%2Fwp%2Fv2%2Fmedia&parent=98121"}],"wp:term":[{"taxonomy":"category","embeddable":true,"href":"https:\/\/mppee.gob.ve\/index.php?rest_route=%2Fwp%2Fv2%2Fcategories&post=98121"},{"taxonomy":"post_tag","embeddable":true,"href":"https:\/\/mppee.gob.ve\/index.php?rest_route=%2Fwp%2Fv2%2Ftags&post=98121"}],"curies":[{"name":"wp","href":"https:\/\/api.w.org\/{rel}","templated":true}]}}