{"id":98214,"date":"2025-07-01T01:33:40","date_gmt":"2025-07-01T01:33:40","guid":{"rendered":"http:\/\/mppee.gob.ve\/?p=98214"},"modified":"2025-07-01T01:33:42","modified_gmt":"2025-07-01T01:33:42","slug":"gobierno-bolivariano-continua-despliegue-permanente-en-regiones-afectadas-por-las-lluvias","status":"publish","type":"post","link":"https:\/\/mppee.gob.ve\/?p=98214","title":{"rendered":"Gobierno Bolivariano contin\u00faa despliegue permanente en regiones afectadas por las lluvias"},"content":{"rendered":"\n<p><strong>San Bernardino, Caracas.- <\/strong>Durante su programa \u201cCon Maduro M\u00e1s\u201d N\u00b0 84, el presidente de la Rep\u00fablica, Nicol\u00e1s Maduro, ofreci\u00f3 un balance del Plan de Acci\u00f3n \u201cFuerza de Tarea Andes 2025\u201d.<\/p>\n\n\n\n<p>En la voz de los Ministros y Gobernadores, que han estado en despliegue permanente para atender a las decenas de familias que han sido afectadas por las intensas precipitaciones de los \u00faltimos d\u00edas, el Jefe de Estado explic\u00f3 cuales han sido los sectores y comunidades atendidas en Los Andes venezolanos y otras regiones del pa\u00eds.<\/p>\n\n\n\n<p>Ante estos eventos, el Mandatario exalt\u00f3&nbsp; la atenci\u00f3n pertinente que se le viene dando a las \u00e1reas afectadas, as\u00ed como tambi\u00e9n a la organizaci\u00f3n del Poder Popular, como factor fundamental para preservar la vida de cada habitante de las zonas que sufrieron da\u00f1os.<\/p>\n\n\n\n<p>Asimismo, asever\u00f3 que el despliegue c\u00edvico-militar-policial y del Gobierno Bolivariano manifiesta la solidaridad entre los venezolanos ante sucesos de este tipo.<\/p>\n\n\n\n<p>\u201cCuando arranc\u00f3 la caravana de motos estaban en vivo y directo all\u00ed comunicando, vamos arrancando, vamos subiendo, llevamos las medicinas, porque las medicinas llegaron, llevando la comida (\u2026) Como surge la solidaridad activa de nuestro pueblo y su gobierno revolucionario, pueblo y gobierno revolucionario\u201d, detall\u00f3 el Presidente.<\/p>\n\n\n\n<p>Por su parte, el vicepresidente de Obras P\u00fablicas y Servicios, Jorge M\u00e1rquez, destac\u00f3 la rapidez de las acciones que se llevaron a cabo para restablecer el paso vehicular entre M\u00e9rida y El Vig\u00eda.<\/p>\n\n\n\n<p>\u201cNos fuimos al sector Las Gonz\u00e1lez y efectivamente pudimos ver dos fallas de borde que imped\u00edan la comunicaci\u00f3n de M\u00e9rida con El Vig\u00eda, entonces ah\u00ed inmediatamente activamos los equipos de trabajo y en menos de doce horas el flujo vehicular entre M\u00e9rida y El Vig\u00eda se reactiv\u00f3\u201d, explic\u00f3 M\u00e1rquez.<\/p>\n\n\n\n<p>Durante el recorrido, el tambi\u00e9n ministro del Poder Popular para la Energ\u00eda El\u00e9ctrica se\u00f1al\u00f3 que se evaluaron las condiciones de la zona de Tabay en la entidad meride\u00f1a, una de los m\u00e1s afectadas.<\/p>\n\n\n\n<p>\u201cLlegamos a Tabay, empezamos a subir todo el P\u00e1ramo e hicimos el recorrido hasta la frontera con Barinas, ah\u00ed llegamos y establecimos que ten\u00eda una afectaci\u00f3n de 25 puntos importantes que hab\u00eda que resolver para poder restablecer el paso vehicular, pr\u00e1cticamente el 63%\u201d, pormenoriz\u00f3 M\u00e1rquez.<\/p>\n\n\n\n<p>Como parte del plan de acci\u00f3n que se tiene previsto para los estados afectados, que est\u00e1n siendo atendidos de forma permanente, el Dignatario eval\u00faa la reconstrucci\u00f3n, que permitir\u00e1 la promoci\u00f3n del turismo y la consolidaci\u00f3n de planes en esta importante regi\u00f3n del pa\u00eds.<\/p>\n\n\n\n<p><strong>Prensa MPPEE-CORPOELEC \/ Mar\u00eda Mercedes Noguera<\/strong><\/p>\n","protected":false},"excerpt":{"rendered":"<p>San Bernardino, Caracas.- Durante su programa \u201cCon Maduro M\u00e1s\u201d N\u00b0 84, el presidente de la Rep\u00fablica, Nicol\u00e1s Maduro, ofreci\u00f3 un<\/p>\n","protected":false},"author":24,"featured_media":98215,"comment_status":"closed","ping_status":"closed","sticky":false,"template":"","format":"standard","meta":{"footnotes":""},"categories":[15],"tags":[2742,46,327],"class_list":["post-98214","post","type-post","status-publish","format-standard","has-post-thumbnail","hentry","category-nacionales","tag-merida","tag-venezuela","tag-vsops"],"_links":{"self":[{"href":"https:\/\/mppee.gob.ve\/index.php?rest_route=\/wp\/v2\/posts\/98214","targetHints":{"allow":["GET"]}}],"collection":[{"href":"https:\/\/mppee.gob.ve\/index.php?rest_route=\/wp\/v2\/posts"}],"about":[{"href":"https:\/\/mppee.gob.ve\/index.php?rest_route=\/wp\/v2\/types\/post"}],"author":[{"embeddable":true,"href":"https:\/\/mppee.gob.ve\/index.php?rest_route=\/wp\/v2\/users\/24"}],"replies":[{"embeddable":true,"href":"https:\/\/mppee.gob.ve\/index.php?rest_route=%2Fwp%2Fv2%2Fcomments&post=98214"}],"version-history":[{"count":1,"href":"https:\/\/mppee.gob.ve\/index.php?rest_route=\/wp\/v2\/posts\/98214\/revisions"}],"predecessor-version":[{"id":98216,"href":"https:\/\/mppee.gob.ve\/index.php?rest_route=\/wp\/v2\/posts\/98214\/revisions\/98216"}],"wp:featuredmedia":[{"embeddable":true,"href":"https:\/\/mppee.gob.ve\/index.php?rest_route=\/wp\/v2\/media\/98215"}],"wp:attachment":[{"href":"https:\/\/mppee.gob.ve\/index.php?rest_route=%2Fwp%2Fv2%2Fmedia&parent=98214"}],"wp:term":[{"taxonomy":"category","embeddable":true,"href":"https:\/\/mppee.gob.ve\/index.php?rest_route=%2Fwp%2Fv2%2Fcategories&post=98214"},{"taxonomy":"post_tag","embeddable":true,"href":"https:\/\/mppee.gob.ve\/index.php?rest_route=%2Fwp%2Fv2%2Ftags&post=98214"}],"curies":[{"name":"wp","href":"https:\/\/api.w.org\/{rel}","templated":true}]}}