{"id":98308,"date":"2025-07-04T13:35:16","date_gmt":"2025-07-04T13:35:16","guid":{"rendered":"http:\/\/mppee.gob.ve\/?p=98308"},"modified":"2025-07-04T13:35:16","modified_gmt":"2025-07-04T13:35:16","slug":"atenderan-a-usuarios-de-tres-municipios-mirandinos-este-5-j","status":"publish","type":"post","link":"https:\/\/mppee.gob.ve\/?p=98308","title":{"rendered":"Atender\u00e1n a usuarios de tres municipios mirandinos este 5-J"},"content":{"rendered":"\n<p><strong>Estado Miranda.- <\/strong>La Corporaci\u00f3n El\u00e9ctrica Nacional (CORPOELEC) atender\u00e1 este s\u00e1bado, 5 de julio, a usuarios y usuarias de tres municipios del estado Miranda, como parte de las Jornadas Integrales de Atenci\u00f3n al Usuario.<\/p>\n\n\n\n<p>El operativo se desarrollar\u00e1 en horario comprendido entre las 9:00 de la ma\u00f1ana hasta las 2:00 de la tarde, ofreciendo la posibilidad de actualizar de datos, consultar saldo, recibir asesor\u00eda personalizada y realizar pagos a trav\u00e9s de los puntos de ventas autorizados.<\/p>\n\n\n\n<p>Los puntos de atenci\u00f3n estar\u00e1n ubicados en:<\/p>\n\n\n\n<ul class=\"wp-block-list\">\n<li><strong>Municipio Guaicaipuro:<\/strong> Centro Comercial Libador (casco central de Paracotos), Centro Comercial Luz El\u00e9ctrica (calle Miquil\u00e9n) y en la Urbanizaci\u00f3n Quenda.<\/li>\n<\/ul>\n\n\n\n<ul class=\"wp-block-list\">\n<li><strong>Municipio Los Salias: <\/strong>Centro Comercial Galer\u00edas Las Am\u00e9ricas (carretera Panamericana kil\u00f3metro 15).<\/li>\n<\/ul>\n\n\n\n<ul class=\"wp-block-list\">\n<li><strong>Municipio Independencia:<\/strong> Urbanizaci\u00f3n Luis Tovar.<\/li>\n<\/ul>\n\n\n\n<p>Para m\u00e1s informaci\u00f3n sobre las Jornadas Integrales de Atenci\u00f3n al Usuario, puede consultar la cuenta <a href=\"https:\/\/www.instagram.com\/corpoelecinfo\/\" data-type=\"link\" data-id=\"https:\/\/www.instagram.com\/corpoelecinfo\/\">@corpoelecinfo <\/a>en Instagram o visitar la p\u00e1gina<a href=\"https:\/\/www.facebook.com\/Corpoelecinfo\" data-type=\"link\" data-id=\"https:\/\/www.facebook.com\/Corpoelecinfo\"> Corpoelec Informa <\/a>en Facebook.<\/p>\n\n\n\n<p><strong>Prensa MPPEE &#8211; CORPOELEC<\/strong><\/p>\n","protected":false},"excerpt":{"rendered":"<p>Estado Miranda.- La Corporaci\u00f3n El\u00e9ctrica Nacional (CORPOELEC) atender\u00e1 este s\u00e1bado, 5 de julio, a usuarios y usuarias de tres municipios<\/p>\n","protected":false},"author":24,"featured_media":98309,"comment_status":"closed","ping_status":"closed","sticky":false,"template":"","format":"standard","meta":{"footnotes":""},"categories":[30],"tags":[2758,2830,3094,3093,2709,2769],"class_list":["post-98308","post","type-post","status-publish","format-standard","has-post-thumbnail","hentry","category-regionales","tag-atencion","tag-guaicaipuro","tag-independencia","tag-los-salias","tag-miranda","tag-usuario"],"_links":{"self":[{"href":"https:\/\/mppee.gob.ve\/index.php?rest_route=\/wp\/v2\/posts\/98308","targetHints":{"allow":["GET"]}}],"collection":[{"href":"https:\/\/mppee.gob.ve\/index.php?rest_route=\/wp\/v2\/posts"}],"about":[{"href":"https:\/\/mppee.gob.ve\/index.php?rest_route=\/wp\/v2\/types\/post"}],"author":[{"embeddable":true,"href":"https:\/\/mppee.gob.ve\/index.php?rest_route=\/wp\/v2\/users\/24"}],"replies":[{"embeddable":true,"href":"https:\/\/mppee.gob.ve\/index.php?rest_route=%2Fwp%2Fv2%2Fcomments&post=98308"}],"version-history":[{"count":2,"href":"https:\/\/mppee.gob.ve\/index.php?rest_route=\/wp\/v2\/posts\/98308\/revisions"}],"predecessor-version":[{"id":98311,"href":"https:\/\/mppee.gob.ve\/index.php?rest_route=\/wp\/v2\/posts\/98308\/revisions\/98311"}],"wp:featuredmedia":[{"embeddable":true,"href":"https:\/\/mppee.gob.ve\/index.php?rest_route=\/wp\/v2\/media\/98309"}],"wp:attachment":[{"href":"https:\/\/mppee.gob.ve\/index.php?rest_route=%2Fwp%2Fv2%2Fmedia&parent=98308"}],"wp:term":[{"taxonomy":"category","embeddable":true,"href":"https:\/\/mppee.gob.ve\/index.php?rest_route=%2Fwp%2Fv2%2Fcategories&post=98308"},{"taxonomy":"post_tag","embeddable":true,"href":"https:\/\/mppee.gob.ve\/index.php?rest_route=%2Fwp%2Fv2%2Ftags&post=98308"}],"curies":[{"name":"wp","href":"https:\/\/api.w.org\/{rel}","templated":true}]}}