{"id":98660,"date":"2025-07-15T13:55:53","date_gmt":"2025-07-15T13:55:53","guid":{"rendered":"http:\/\/mppee.gob.ve\/?p=98660"},"modified":"2025-07-15T13:55:55","modified_gmt":"2025-07-15T13:55:55","slug":"brindaran-asesoria-a-usuarios-residenciales-y-comerciales-de-nueve-municipios-sucrenses-detalles","status":"publish","type":"post","link":"https:\/\/mppee.gob.ve\/?p=98660","title":{"rendered":"Brindar\u00e1n asesor\u00eda a usuarios residenciales y comerciales de nueve municipios sucrenses (+ Detalles)"},"content":{"rendered":"\n<p><strong>Estado Sucre.-<\/strong> Desde este mi\u00e9rcoles 16 hasta el s\u00e1bado 19 de julio, la Corporaci\u00f3n El\u00e9ctrica Nacional (CORPOELEC) brindar\u00e1 asistencia personalizada relacionada con el servicio el\u00e9ctrico a usuarios de nueve municipios del estado Sucre.<\/p>\n\n\n\n<p>Durante las jornadas, los agentes comerciales garantizar\u00e1n atenci\u00f3n integral en materia de actualizaci\u00f3n de datos, notificaci\u00f3n de dudas y pago de facturas a trav\u00e9s de punto de venta.<\/p>\n\n\n\n<p>El despliegue dirigido a usuarios residenciales se realizar\u00e1 entre las 9:00 de la ma\u00f1ana y las 2:00 de la tarde en los siguientes puntos:<\/p>\n\n\n\n<p>Mi\u00e9rcoles 16:<\/p>\n\n\n\n<ul class=\"wp-block-list\">\n<li>Urbanizaciones Los Tejados y Villa Jard\u00edn de Cantarrana, municipio Sucre.\u00a0<\/li>\n\n\n\n<li>Urbanizaci\u00f3n T\u00edo Pedro, parroquia Santa Teresa, municipio Berm\u00fadez.\u00a0<\/li>\n<\/ul>\n\n\n\n<p>Jueves 17:<\/p>\n\n\n\n<ul class=\"wp-block-list\">\n<li>Urbanizaciones Centauro y Villa Cari\u00f1o, municipio Sucre.\u00a0<\/li>\n\n\n\n<li>San Jos\u00e9 de Areocuar, parroquia San Jos\u00e9, municipio Andr\u00e9s Mata.\u00a0<\/li>\n<\/ul>\n\n\n\n<p>Viernes 18:<\/p>\n\n\n\n<ul class=\"wp-block-list\">\n<li>Urbanizaciones Santo \u00c1ngel y Los Chaimas, municipio Sucre.\u00a0<\/li>\n\n\n\n<li>Urbanizaci\u00f3n Miramontes, parroquia Santa Catalina, municipio Berm\u00fadez.\u00a0<\/li>\n<\/ul>\n\n\n\n<p>S\u00e1bado 19:<\/p>\n\n\n\n<ul class=\"wp-block-list\">\n<li>Urbanizaciones El Recreo y Crist\u00f3bal Col\u00f3n del municipio Sucre.\u00a0<\/li>\n<\/ul>\n\n\n\n<p>Por su parte, los usuarios comerciales recibir\u00e1n atenci\u00f3n personalizada desde el mi\u00e9rcoles 16 hasta el viernes 18 de julio en horario comprendido de 4:00 de la tarde a las 8:00 de la noche. La jornada sabatina se realizar\u00e1 de 8:00 de la ma\u00f1ana a las 3:00 de la tarde.<\/p>\n\n\n\n<ul class=\"wp-block-list\">\n<li>Ciudad de Cuman\u00e1 y Poblado de Santa Fe, municipio Sucre. \u00a0<\/li>\n\n\n\n<li>Ciudad de Car\u00fapano, municipio Berm\u00fadez.\u00a0<\/li>\n\n\n\n<li>Ciudad de Cariaco, municipio Ribero.\u00a0<\/li>\n\n\n\n<li>Ciudad de Marig\u00fcitar, municipio Bol\u00edvar. \u00a0<\/li>\n\n\n\n<li>Ciudad de Cumanacoa, municipio Montes. \u00a0<\/li>\n\n\n\n<li>Ciudad de Casanay, municipio Andr\u00e9s Eloy Blanco. \u00a0<\/li>\n\n\n\n<li>Ciudad de G\u00fciria, municipio Valdez.\u00a0<\/li>\n\n\n\n<li>Ciudad de Araya, municipio Cruz Salmer\u00f3n Acosta.\u00a0<\/li>\n<\/ul>\n\n\n\n<p>Para m\u00e1s informaci\u00f3n sobre las Jornadas Integrales de Atenci\u00f3n al Usuario, puede consultar la cuenta&nbsp;<a href=\"https:\/\/www.instagram.com\/corpoelecinfo\/\">@corpoelecinfo&nbsp;<\/a>en Instagram o visitar la p\u00e1gina<a href=\"https:\/\/www.facebook.com\/Corpoelecinfo\">&nbsp;Corpoelec Informa&nbsp;<\/a>en Facebook.<\/p>\n\n\n\n<p><strong>Prensa MPPEE \u2013 CORPOELEC<\/strong><\/p>\n","protected":false},"excerpt":{"rendered":"<p>Estado Sucre.- Desde este mi\u00e9rcoles 16 hasta el s\u00e1bado 19 de julio, la Corporaci\u00f3n El\u00e9ctrica Nacional (CORPOELEC) brindar\u00e1 asistencia personalizada<\/p>\n","protected":false},"author":24,"featured_media":98317,"comment_status":"closed","ping_status":"closed","sticky":false,"template":"","format":"standard","meta":{"footnotes":""},"categories":[30],"tags":[2758,2691,2693],"class_list":["post-98660","post","type-post","status-publish","format-standard","has-post-thumbnail","hentry","category-regionales","tag-atencion","tag-corpoelec","tag-sucre"],"_links":{"self":[{"href":"https:\/\/mppee.gob.ve\/index.php?rest_route=\/wp\/v2\/posts\/98660","targetHints":{"allow":["GET"]}}],"collection":[{"href":"https:\/\/mppee.gob.ve\/index.php?rest_route=\/wp\/v2\/posts"}],"about":[{"href":"https:\/\/mppee.gob.ve\/index.php?rest_route=\/wp\/v2\/types\/post"}],"author":[{"embeddable":true,"href":"https:\/\/mppee.gob.ve\/index.php?rest_route=\/wp\/v2\/users\/24"}],"replies":[{"embeddable":true,"href":"https:\/\/mppee.gob.ve\/index.php?rest_route=%2Fwp%2Fv2%2Fcomments&post=98660"}],"version-history":[{"count":1,"href":"https:\/\/mppee.gob.ve\/index.php?rest_route=\/wp\/v2\/posts\/98660\/revisions"}],"predecessor-version":[{"id":98661,"href":"https:\/\/mppee.gob.ve\/index.php?rest_route=\/wp\/v2\/posts\/98660\/revisions\/98661"}],"wp:featuredmedia":[{"embeddable":true,"href":"https:\/\/mppee.gob.ve\/index.php?rest_route=\/wp\/v2\/media\/98317"}],"wp:attachment":[{"href":"https:\/\/mppee.gob.ve\/index.php?rest_route=%2Fwp%2Fv2%2Fmedia&parent=98660"}],"wp:term":[{"taxonomy":"category","embeddable":true,"href":"https:\/\/mppee.gob.ve\/index.php?rest_route=%2Fwp%2Fv2%2Fcategories&post=98660"},{"taxonomy":"post_tag","embeddable":true,"href":"https:\/\/mppee.gob.ve\/index.php?rest_route=%2Fwp%2Fv2%2Ftags&post=98660"}],"curies":[{"name":"wp","href":"https:\/\/api.w.org\/{rel}","templated":true}]}}