{"id":98695,"date":"2025-07-16T13:33:51","date_gmt":"2025-07-16T13:33:51","guid":{"rendered":"http:\/\/mppee.gob.ve\/?p=98695"},"modified":"2025-07-16T13:33:54","modified_gmt":"2025-07-16T13:33:54","slug":"jornadas-integrales-de-atencion-al-usuario-se-desplegaran-en-16-municipios-tachirenses","status":"publish","type":"post","link":"https:\/\/mppee.gob.ve\/?p=98695","title":{"rendered":"Jornadas Integrales de Atenci\u00f3n al Usuario se desplegar\u00e1n en 16 municipios tachirenses"},"content":{"rendered":"\n<p><strong>Estado T\u00e1chira.-<\/strong> Desde el mi\u00e9rcoles 16 hasta el s\u00e1bado 19 de julio, la Corporaci\u00f3n El\u00e9ctrica Nacional (CORPOELEC) desplegar\u00e1 jornadas especiales de atenci\u00f3n al usuario en 16 municipios tachirenses, con el objetivo de ofrecer asesor\u00eda personalizada y facilitar la gesti\u00f3n directa de tr\u00e1mites vinculados al servicio el\u00e9ctrico.<\/p>\n\n\n\n<p>Durante estas jornadas, los agentes comerciales se movilizar\u00e1n para brindar orientaci\u00f3n sobre el pago oportuno de facturas, actualizaci\u00f3n de datos, notificaci\u00f3n de deudas, recepci\u00f3n de solicitudes y acceso a servicios, sin que los usuarios tengan que trasladarse a los Centros Integrales de Atenci\u00f3n al Usuario (CIAU).<\/p>\n\n\n\n<p>Los puntos de atenci\u00f3n estar\u00e1n habilitados entre las 8:00 de la ma\u00f1ana y las 4:00 de la tarde en las siguientes ubicaciones:<\/p>\n\n\n\n<ul class=\"wp-block-list\">\n<li>Garc\u00eda de Hevia: sector Panamericana v\u00eda la Termoel\u00e9ctrica de La Fr\u00eda.<\/li>\n\n\n\n<li>C\u00f3rdoba: casco central, carreras 1,2,3,4,5,8,9 y 10 de Santa Ana.<\/li>\n\n\n\n<li>Bol\u00edvar: sector calle 1 y 2 hasta la avenida Venezuela y casco central de San Antonio.<\/li>\n\n\n\n<li>Uribante: casco central, carreras 1, 2, 3, y 4 de Pregonero.<\/li>\n\n\n\n<li>Pedro Mar\u00eda Ure\u00f1a: sector La Peza y la Guajira de Ure\u00f1a.<\/li>\n\n\n\n<li>Fern\u00e1ndez Feo: sector calle 3 EL Pi\u00f1al.<\/li>\n\n\n\n<li>J\u00e1uregui: sector de la calle Nardos de La Grita.<\/li>\n\n\n\n<li>Libertador: sector Puerto Nuevo de La Pedrera.<\/li>\n\n\n\n<li>Ayacucho: carreras 12, 13, 14, 15, 16 y 17 de Col\u00f3n.<\/li>\n\n\n\n<li>Independencia: casco central, calle 3 y 4 de Capacho Nuevo.<\/li>\n\n\n\n<li>San Crist\u00f3bal:\u00a0 sectores El Mirador, La Guayana, El Valle, San Josecito y avenida Ferrero Tamayo, Zorca Providencia calles 1,2 y 3 y Pueblo Nuevo de San Crist\u00f3bal.<\/li>\n\n\n\n<li>Torbes: casco central de San Josecito.<\/li>\n\n\n\n<li>Panamericano: sectores Santa Cecilia de Coloncito.<\/li>\n\n\n\n<li>Independencia: casco central, El Pulpito, calle 1 y 2 de Capacho Nuevo.<\/li>\n\n\n\n<li>Jun\u00edn: sector La Escuela, Altos de la Victoria, Santa Barbara y Manantial de Rubio.<\/li>\n\n\n\n<li>C\u00e1rdenas: sectores Altos de Paramillo y Palo Gordo.<\/li>\n<\/ul>\n\n\n\n<p>Para m\u00e1s informaci\u00f3n sobre las Jornadas Integrales de Atenci\u00f3n al Usuario, puede consultar la cuenta\u00a0<a href=\"https:\/\/www.instagram.com\/corpoelecinfo\/\">@corpoelecinfo\u00a0<\/a>en Instagram o visitar la p\u00e1gina<a href=\"https:\/\/www.facebook.com\/Corpoelecinfo\">\u00a0Corpoelec Informa\u00a0<\/a>en Facebook.<\/p>\n\n\n\n<p><strong>Prensa MPPEE &#8211; CORPOELEC<\/strong><\/p>\n","protected":false},"excerpt":{"rendered":"<p>Estado T\u00e1chira.- Desde el mi\u00e9rcoles 16 hasta el s\u00e1bado 19 de julio, la Corporaci\u00f3n El\u00e9ctrica Nacional (CORPOELEC) desplegar\u00e1 jornadas especiales<\/p>\n","protected":false},"author":24,"featured_media":98318,"comment_status":"closed","ping_status":"closed","sticky":false,"template":"","format":"standard","meta":{"footnotes":""},"categories":[30],"tags":[2768,2691,2869,2700,2769],"class_list":["post-98695","post","type-post","status-publish","format-standard","has-post-thumbnail","hentry","category-regionales","tag-ciau","tag-corpoelec","tag-jornada","tag-tachira","tag-usuario"],"_links":{"self":[{"href":"https:\/\/mppee.gob.ve\/index.php?rest_route=\/wp\/v2\/posts\/98695","targetHints":{"allow":["GET"]}}],"collection":[{"href":"https:\/\/mppee.gob.ve\/index.php?rest_route=\/wp\/v2\/posts"}],"about":[{"href":"https:\/\/mppee.gob.ve\/index.php?rest_route=\/wp\/v2\/types\/post"}],"author":[{"embeddable":true,"href":"https:\/\/mppee.gob.ve\/index.php?rest_route=\/wp\/v2\/users\/24"}],"replies":[{"embeddable":true,"href":"https:\/\/mppee.gob.ve\/index.php?rest_route=%2Fwp%2Fv2%2Fcomments&post=98695"}],"version-history":[{"count":1,"href":"https:\/\/mppee.gob.ve\/index.php?rest_route=\/wp\/v2\/posts\/98695\/revisions"}],"predecessor-version":[{"id":98697,"href":"https:\/\/mppee.gob.ve\/index.php?rest_route=\/wp\/v2\/posts\/98695\/revisions\/98697"}],"wp:featuredmedia":[{"embeddable":true,"href":"https:\/\/mppee.gob.ve\/index.php?rest_route=\/wp\/v2\/media\/98318"}],"wp:attachment":[{"href":"https:\/\/mppee.gob.ve\/index.php?rest_route=%2Fwp%2Fv2%2Fmedia&parent=98695"}],"wp:term":[{"taxonomy":"category","embeddable":true,"href":"https:\/\/mppee.gob.ve\/index.php?rest_route=%2Fwp%2Fv2%2Fcategories&post=98695"},{"taxonomy":"post_tag","embeddable":true,"href":"https:\/\/mppee.gob.ve\/index.php?rest_route=%2Fwp%2Fv2%2Ftags&post=98695"}],"curies":[{"name":"wp","href":"https:\/\/api.w.org\/{rel}","templated":true}]}}