{"id":98773,"date":"2025-07-18T15:47:10","date_gmt":"2025-07-18T15:47:10","guid":{"rendered":"http:\/\/mppee.gob.ve\/?p=98773"},"modified":"2025-07-18T15:47:13","modified_gmt":"2025-07-18T15:47:13","slug":"activan-jornadas-integrales-de-atencion-al-usuario-en-miranda-2","status":"publish","type":"post","link":"https:\/\/mppee.gob.ve\/?p=98773","title":{"rendered":"Activan Jornadas Integrales de Atenci\u00f3n al Usuario\u00a0en Miranda"},"content":{"rendered":"\n<p><strong>Estado Miranda.- <\/strong>Este s\u00e1bado 19 de julio, la Corporaci\u00f3n El\u00e9ctrica Nacional (CORPOELEC) activar\u00e1 Jornadas Integrales de Atenci\u00f3n al Usuario en los municipios Guaicaipuro y Los Salias del estado Miranda.<\/p>\n\n\n\n<p>Los asistentes podr\u00e1n realizar actualizaci\u00f3n de datos, consulta de saldo, recibir asesor\u00eda sobre su servicio el\u00e9ctrico y pagar sus facturas, a trav\u00e9s de los puntos de ventas autorizados, en un horario comprendido desde las 9:00 de la ma\u00f1ana hasta las 2:00 de la tarde.<\/p>\n\n\n\n<p><strong>Centros de Atenci\u00f3n disponibles:<\/strong><\/p>\n\n\n\n<ul class=\"wp-block-list\">\n<li>Centro Comercial Libador, planta baja, casco central de Paracotos. Municipio Guaicaipuro.<\/li>\n<\/ul>\n\n\n\n<ul class=\"wp-block-list\">\n<li>Centro Comercial Luz El\u00e9ctrica, calle Miquil\u00e9n, piso 2. Municipio Guaicaipuro.<\/li>\n<\/ul>\n\n\n\n<ul class=\"wp-block-list\">\n<li>Centro Comercial Galer\u00edas Las Am\u00e9ricas, piso 1, carretera Panamericana kil\u00f3metro 15. Municipio Los Salias.<\/li>\n<\/ul>\n\n\n\n<ul class=\"wp-block-list\">\n<li>Centro Comercial La Casona, carretera Panamericana kil\u00f3metro 16. Municipio Los Salias.<\/li>\n<\/ul>\n\n\n\n<ul class=\"wp-block-list\">\n<li>Urbanizaci\u00f3n Cecilio Acosta, (El Paso) entrada principal Polideportivo. Municipio Guaicaipuro.<\/li>\n<\/ul>\n\n\n\n<p>El objetivo de estas actividades comerciales es promover la cultura de pago y propiciar el intercambio del servicio comercial entre los usuarios y usuarias de CORPOELEC.<\/p>\n\n\n\n<p>Para mayor informaci\u00f3n sobre las Jornadas Integrales de Atenci\u00f3n al Usuario, pueden visitar la cuenta @corpoelecinfo en la red social Instagram.<\/p>\n\n\n\n<p>Prensa MPPEE-CORPOELEC<\/p>\n","protected":false},"excerpt":{"rendered":"<p>Estado Miranda.- Este s\u00e1bado 19 de julio, la Corporaci\u00f3n El\u00e9ctrica Nacional (CORPOELEC) activar\u00e1 Jornadas Integrales de Atenci\u00f3n al Usuario en<\/p>\n","protected":false},"author":22,"featured_media":98377,"comment_status":"closed","ping_status":"closed","sticky":false,"template":"","format":"standard","meta":{"footnotes":""},"categories":[30],"tags":[2691,2709,11,2744,46],"class_list":["post-98773","post","type-post","status-publish","format-standard","has-post-thumbnail","hentry","category-regionales","tag-corpoelec","tag-miranda","tag-mppee","tag-sen","tag-venezuela"],"_links":{"self":[{"href":"https:\/\/mppee.gob.ve\/index.php?rest_route=\/wp\/v2\/posts\/98773","targetHints":{"allow":["GET"]}}],"collection":[{"href":"https:\/\/mppee.gob.ve\/index.php?rest_route=\/wp\/v2\/posts"}],"about":[{"href":"https:\/\/mppee.gob.ve\/index.php?rest_route=\/wp\/v2\/types\/post"}],"author":[{"embeddable":true,"href":"https:\/\/mppee.gob.ve\/index.php?rest_route=\/wp\/v2\/users\/22"}],"replies":[{"embeddable":true,"href":"https:\/\/mppee.gob.ve\/index.php?rest_route=%2Fwp%2Fv2%2Fcomments&post=98773"}],"version-history":[{"count":1,"href":"https:\/\/mppee.gob.ve\/index.php?rest_route=\/wp\/v2\/posts\/98773\/revisions"}],"predecessor-version":[{"id":98774,"href":"https:\/\/mppee.gob.ve\/index.php?rest_route=\/wp\/v2\/posts\/98773\/revisions\/98774"}],"wp:featuredmedia":[{"embeddable":true,"href":"https:\/\/mppee.gob.ve\/index.php?rest_route=\/wp\/v2\/media\/98377"}],"wp:attachment":[{"href":"https:\/\/mppee.gob.ve\/index.php?rest_route=%2Fwp%2Fv2%2Fmedia&parent=98773"}],"wp:term":[{"taxonomy":"category","embeddable":true,"href":"https:\/\/mppee.gob.ve\/index.php?rest_route=%2Fwp%2Fv2%2Fcategories&post=98773"},{"taxonomy":"post_tag","embeddable":true,"href":"https:\/\/mppee.gob.ve\/index.php?rest_route=%2Fwp%2Fv2%2Ftags&post=98773"}],"curies":[{"name":"wp","href":"https:\/\/api.w.org\/{rel}","templated":true}]}}