{"id":98897,"date":"2025-07-22T14:49:10","date_gmt":"2025-07-22T14:49:10","guid":{"rendered":"http:\/\/mppee.gob.ve\/?p=98897"},"modified":"2025-07-22T14:49:10","modified_gmt":"2025-07-22T14:49:10","slug":"celac-apuesta-por-la-transicion-energetica-con-justicia-social-en-america-latina-y-el-caribe","status":"publish","type":"post","link":"https:\/\/mppee.gob.ve\/?p=98897","title":{"rendered":"CELAC apuesta por la transici\u00f3n energ\u00e9tica con justicia social en Am\u00e9rica Latina y el Caribe"},"content":{"rendered":"\n<p><strong>Bogot\u00e1, Colombia.-<\/strong> La ciudad de Bogot\u00e1, en Colombia, se prepara para recibir este martes a delegaciones ministeriales de Am\u00e9rica Latina y el Caribe en el contexto de la <a href=\"https:\/\/www.youtube.com\/live\/2OzbH463SBY\" data-type=\"link\" data-id=\"https:\/\/www.youtube.com\/live\/2OzbH463SBY\">VII Reuni\u00f3n de Ministros y Ministras de Energ\u00eda <\/a>de la Comunidad de Estados Latinoamericanos y Caribe\u00f1os (CELAC), que se celebrar\u00e1 los d\u00edas 22 y 23 de julio.<\/p>\n\n\n\n<p>Este encuentro representa un espacio clave para el di\u00e1logo pol\u00edtico y t\u00e9cnico sobre los desaf\u00edos energ\u00e9ticos que enfrenta la regi\u00f3n, marcado por la transici\u00f3n hacia modelos m\u00e1s sostenibles desde la diversidad de los pueblos.<\/p>\n\n\n\n<p>Recientemente, el presidente colombiano, Gustavo Petro, ha delineado una visi\u00f3n transformadora al afirmar que \u201cel mercado mundial est\u00e1 avanzando hacia la descarbonizaci\u00f3n\u201d, lo que exige un cambio estructural en los modelos productivos.<\/p>\n\n\n\n<p>En calidad de pa\u00eds anfitri\u00f3n, Colombia propone una transici\u00f3n energ\u00e9tica con enfoque social, orientada a democratizar el acceso a la energ\u00eda y fortalecer la soberan\u00eda tecnol\u00f3gica. Al respecto, el presidente Gustavo Petro ha convocado a los pa\u00edses miembros de la CELAC a construir una agenda com\u00fan que priorice la cooperaci\u00f3n y el desarrollo compartido.<\/p>\n\n\n\n<p>Desde Venezuela, el presidente de la Rep\u00fablica, Nicol\u00e1s Maduro y la vicepresidenta Ejecutiva, Delcy Rodr\u00edguez, han reafirmado el compromiso del Gobierno Bolivariano con la integraci\u00f3n energ\u00e9tica regional en el marco de la creaci\u00f3n de la Zona Binacional de Paz y Desarrollo Integral entre Colombia y Venezuela.<\/p>\n\n\n\n<p>\u201cLa energ\u00eda debe ser motor de reactivaci\u00f3n econ\u00f3mica, social y de lucha contra las mafias del narcotr\u00e1fico\u201d, declar\u00f3 el jefe de Estado venezolano, mientras que Rodr\u00edguez ha subrayado que \u201cla cooperaci\u00f3n energ\u00e9tica entre nuestros pa\u00edses debe orientarse hacia la <a href=\"http:\/\/mppee.gob.ve\/?p=98755\" data-type=\"link\" data-id=\"http:\/\/mppee.gob.ve\/?p=98755\">interconexi\u00f3n el\u00e9ctrica<\/a>, las inversiones en gas y petr\u00f3leo, y el desarrollo de proyectos conjuntos que beneficien directamente a nuestros pueblos\u201d.<\/p>\n\n\n\n<p><strong>Enfoque humano para la transici\u00f3n<\/strong><\/p>\n\n\n\n<p>En esta cumbre participan representantes de alto nivel de 17 pa\u00edses, entre ellos Venezuela, Ecuador, Guyana, Panam\u00e1, Rep\u00fablica Dominicana, Cuba, Honduras, Costa Rica, El Salvador, Paraguay, M\u00e9xico, Chile, Uruguay, Brasil, Colombia, Estados Unidos (a trav\u00e9s del Banco Mundial) y la Uni\u00f3n Europea.<\/p>\n\n\n\n<p>Las delegaciones est\u00e1n conformadas por ministros, viceministros, directores t\u00e9cnicos, liderazgos sindicales y sociales, junto con emprendedores comunitarios que fortalecen el enfoque humano de la transici\u00f3n energ\u00e9tica.<\/p>\n\n\n\n<p>Por Venezuela, se destaca su car\u00e1cter t\u00e9cnico y pol\u00edtico. La delegaci\u00f3n encabezada por el ministro del Poder Popular para la Energ\u00eda El\u00e9ctrica, Jorge M\u00e1rquez, participar\u00e1 en los debates relacionados con la interconexi\u00f3n el\u00e9ctrica regional, la defensa de los recursos naturales y el rechazo frontal a las medidas coercitivas que impactan la cooperaci\u00f3n energ\u00e9tica.<\/p>\n\n\n\n<p>La CELAC, fundada en 2011 por iniciativa del Comandante Hugo Ch\u00e1vez, es el principal mecanismo de concertaci\u00f3n pol\u00edtica de Am\u00e9rica Latina y el Caribe, que agrupa a 33 pa\u00edses y se ha consolidado como una plataforma para el di\u00e1logo intergubernamental, la cooperaci\u00f3n regional y la articulaci\u00f3n de posiciones comunes ante los grandes temas globales.<\/p>\n\n\n\n<p><strong>Prensa MPPEE &#8211; CORPOELEC \/ Rosiris Ortega<\/strong><\/p>\n","protected":false},"excerpt":{"rendered":"<p>Bogot\u00e1, Colombia.- La ciudad de Bogot\u00e1, en Colombia, se prepara para recibir este martes a delegaciones ministeriales de Am\u00e9rica Latina<\/p>\n","protected":false},"author":24,"featured_media":98908,"comment_status":"closed","ping_status":"closed","sticky":false,"template":"","format":"standard","meta":{"footnotes":""},"categories":[1,15],"tags":[3172,3173,2781,2763,2714,3174],"class_list":["post-98897","post","type-post","status-publish","format-standard","has-post-thumbnail","hentry","category-mppee","category-nacionales","tag-bogota","tag-celac","tag-energia","tag-jorge-marquez","tag-nicolas-maduro","tag-transicion-energetica"],"_links":{"self":[{"href":"https:\/\/mppee.gob.ve\/index.php?rest_route=\/wp\/v2\/posts\/98897","targetHints":{"allow":["GET"]}}],"collection":[{"href":"https:\/\/mppee.gob.ve\/index.php?rest_route=\/wp\/v2\/posts"}],"about":[{"href":"https:\/\/mppee.gob.ve\/index.php?rest_route=\/wp\/v2\/types\/post"}],"author":[{"embeddable":true,"href":"https:\/\/mppee.gob.ve\/index.php?rest_route=\/wp\/v2\/users\/24"}],"replies":[{"embeddable":true,"href":"https:\/\/mppee.gob.ve\/index.php?rest_route=%2Fwp%2Fv2%2Fcomments&post=98897"}],"version-history":[{"count":0,"href":"https:\/\/mppee.gob.ve\/index.php?rest_route=\/wp\/v2\/posts\/98897\/revisions"}],"wp:featuredmedia":[{"embeddable":true,"href":"https:\/\/mppee.gob.ve\/index.php?rest_route=\/"}],"wp:attachment":[{"href":"https:\/\/mppee.gob.ve\/index.php?rest_route=%2Fwp%2Fv2%2Fmedia&parent=98897"}],"wp:term":[{"taxonomy":"category","embeddable":true,"href":"https:\/\/mppee.gob.ve\/index.php?rest_route=%2Fwp%2Fv2%2Fcategories&post=98897"},{"taxonomy":"post_tag","embeddable":true,"href":"https:\/\/mppee.gob.ve\/index.php?rest_route=%2Fwp%2Fv2%2Ftags&post=98897"}],"curies":[{"name":"wp","href":"https:\/\/api.w.org\/{rel}","templated":true}]}}