{"id":98900,"date":"2025-07-22T14:25:56","date_gmt":"2025-07-22T14:25:56","guid":{"rendered":"http:\/\/mppee.gob.ve\/?p=98900"},"modified":"2025-07-22T14:25:56","modified_gmt":"2025-07-22T14:25:56","slug":"corpoelec-atendera-a-usuarios-comerciales-y-residenciales-en-trujillo","status":"publish","type":"post","link":"https:\/\/mppee.gob.ve\/?p=98900","title":{"rendered":"CORPOELEC\u00a0atender\u00e1 a usuarios comerciales y residenciales en Trujillo"},"content":{"rendered":"\n<p><strong>Estado Trujillo.- <\/strong>Desde este mi\u00e9rcoles 23 hasta el s\u00e1bado 26 de julio, trabajadores de\u00a0la Corporaci\u00f3n El\u00e9ctrica Nacional (CORPOELEC)\u00a0se desplegar\u00e1n en distintas localidades del estado Trujillo,\u00a0para brindar atenci\u00f3n a usuarios comerciales y residenciales.<\/p>\n\n\n\n<p>Estas Jornadas Integrales de Atenci\u00f3n al Usuario permitir\u00e1n a los ciudadanos poder realizar el pago oportuno de facturas del servicio el\u00e9ctrico, recibir asesor\u00eda personalizada, actualizaci\u00f3n de datos y atender\u00a0inquietudes.<\/p>\n\n\n\n<p>Los agentes comerciales&nbsp;se desplegar\u00e1n&nbsp;en los siguientes&nbsp;sectores de la regi\u00f3n trujillana:<\/p>\n\n\n\n<ul class=\"wp-block-list\">\n<li>Juan Ignacio Montilla, La Beatriz, Timotes, Campo Alegre, Escuque, Santa Ana, Santa Cruz, Arapuey y Sabana de Mendoza<\/li>\n\n\n\n<li>Burbusay, Sabana Libre, Crist\u00f3bal Mendoza, La Paz y Los Cedros.<\/li>\n\n\n\n<li>Antonio Nicol\u00e1s Brice\u00f1o, Matriz, Tucan\u00ed, Monse\u00f1or Carrillo, Monay, Carache y La Pueblita.<\/li>\n<\/ul>\n\n\n\n<p>CORPOELEC activar\u00e1 esta jornada&nbsp;desde las 09:00 de la ma\u00f1ana hasta las 04:00 de la tarde.<\/p>\n\n\n\n<p>Para m\u00e1s informaci\u00f3n sobre las Jornadas Integrales de Atenci\u00f3n al Usuario, puede consultar la cuenta\u00a0<a href=\"https:\/\/www.instagram.com\/corpoelecinfo\/\">@corpoelecinfo\u00a0<\/a>en Instagram o visitar la p\u00e1gina<a href=\"https:\/\/www.facebook.com\/Corpoelecinfo\">\u00a0Corpoelec Informa\u00a0<\/a>en Facebook.<\/p>\n\n\n\n<p><strong>Prensa MPPEE &#8211; CORPOELEC<\/strong><\/p>\n\n\n\n<p><\/p>\n","protected":false},"excerpt":{"rendered":"<p>Estado Trujillo.- Desde este mi\u00e9rcoles 23 hasta el s\u00e1bado 26 de julio, trabajadores de\u00a0la Corporaci\u00f3n El\u00e9ctrica Nacional (CORPOELEC)\u00a0se desplegar\u00e1n en<\/p>\n","protected":false},"author":24,"featured_media":98250,"comment_status":"closed","ping_status":"closed","sticky":false,"template":"","format":"standard","meta":{"footnotes":""},"categories":[30],"tags":[2758,2691,2702,2769],"class_list":["post-98900","post","type-post","status-publish","format-standard","has-post-thumbnail","hentry","category-regionales","tag-atencion","tag-corpoelec","tag-trujillo","tag-usuario"],"_links":{"self":[{"href":"https:\/\/mppee.gob.ve\/index.php?rest_route=\/wp\/v2\/posts\/98900","targetHints":{"allow":["GET"]}}],"collection":[{"href":"https:\/\/mppee.gob.ve\/index.php?rest_route=\/wp\/v2\/posts"}],"about":[{"href":"https:\/\/mppee.gob.ve\/index.php?rest_route=\/wp\/v2\/types\/post"}],"author":[{"embeddable":true,"href":"https:\/\/mppee.gob.ve\/index.php?rest_route=\/wp\/v2\/users\/24"}],"replies":[{"embeddable":true,"href":"https:\/\/mppee.gob.ve\/index.php?rest_route=%2Fwp%2Fv2%2Fcomments&post=98900"}],"version-history":[{"count":0,"href":"https:\/\/mppee.gob.ve\/index.php?rest_route=\/wp\/v2\/posts\/98900\/revisions"}],"wp:featuredmedia":[{"embeddable":true,"href":"https:\/\/mppee.gob.ve\/index.php?rest_route=\/wp\/v2\/media\/98250"}],"wp:attachment":[{"href":"https:\/\/mppee.gob.ve\/index.php?rest_route=%2Fwp%2Fv2%2Fmedia&parent=98900"}],"wp:term":[{"taxonomy":"category","embeddable":true,"href":"https:\/\/mppee.gob.ve\/index.php?rest_route=%2Fwp%2Fv2%2Fcategories&post=98900"},{"taxonomy":"post_tag","embeddable":true,"href":"https:\/\/mppee.gob.ve\/index.php?rest_route=%2Fwp%2Fv2%2Ftags&post=98900"}],"curies":[{"name":"wp","href":"https:\/\/api.w.org\/{rel}","templated":true}]}}