{"id":98910,"date":"2025-07-22T15:48:57","date_gmt":"2025-07-22T15:48:57","guid":{"rendered":"http:\/\/mppee.gob.ve\/?p=98910"},"modified":"2025-07-22T15:48:57","modified_gmt":"2025-07-22T15:48:57","slug":"arriba-a-colombia-delegacion-venezolana-para-vii-cumbre-ministerial-de-energia-de-la-celac","status":"publish","type":"post","link":"https:\/\/mppee.gob.ve\/?p=98910","title":{"rendered":"Arriba a Colombia delegaci\u00f3n venezolana para VII Cumbre Ministerial de Energ\u00eda de la CELAC"},"content":{"rendered":"\n<p><strong>Bogot\u00e1, Colombia.- <\/strong>La delegaci\u00f3n de la Rep\u00fablica Bolivariana de Venezuela, encabezada por el vicepresidente sectorial de Obras P\u00fablicas y Servicios, Jorge M\u00e1rquez, arrib\u00f3 a la sede de la C\u00e1mara de Comercio de Bogot\u00e1 para participar en la VII Cumbre de Ministros y Ministras de Energ\u00eda de la Comunidad de Estados Latinoamericanos y Caribe\u00f1os (CELAC).<\/p>\n\n\n\n<p>El encuentro que se desarrollar\u00e1 en suelo colombiano durante dos d\u00edas reunir\u00e1 a representantes de alto nivel de 33 pa\u00edses, quienes debatir\u00e1n sobre los desaf\u00edos comunes que en materia de energ\u00eda enfrenta la regi\u00f3n.<\/p>\n\n\n\n<p>La CELAC, fundada en 2011 por iniciativa del Comandante Hugo Ch\u00e1vez, es el principal mecanismo de concertaci\u00f3n pol\u00edtica de Am\u00e9rica Latina y el Caribe, consolid\u00e1ndose como una plataforma para el di\u00e1logo intergubernamental, la cooperaci\u00f3n regional y la articulaci\u00f3n de posiciones comunes ante los grandes temas globales.<\/p>\n\n\n\n<p><strong>Prensa MPPEE \u2013 CORPOELEC<\/strong><\/p>\n","protected":false},"excerpt":{"rendered":"<p>Bogot\u00e1, Colombia.- La delegaci\u00f3n de la Rep\u00fablica Bolivariana de Venezuela, encabezada por el vicepresidente sectorial de Obras P\u00fablicas y Servicios,<\/p>\n","protected":false},"author":24,"featured_media":98911,"comment_status":"closed","ping_status":"closed","sticky":false,"template":"","format":"standard","meta":{"footnotes":""},"categories":[1,15],"tags":[3173,2781,2763,3174],"class_list":["post-98910","post","type-post","status-publish","format-standard","has-post-thumbnail","hentry","category-mppee","category-nacionales","tag-celac","tag-energia","tag-jorge-marquez","tag-transicion-energetica"],"_links":{"self":[{"href":"https:\/\/mppee.gob.ve\/index.php?rest_route=\/wp\/v2\/posts\/98910","targetHints":{"allow":["GET"]}}],"collection":[{"href":"https:\/\/mppee.gob.ve\/index.php?rest_route=\/wp\/v2\/posts"}],"about":[{"href":"https:\/\/mppee.gob.ve\/index.php?rest_route=\/wp\/v2\/types\/post"}],"author":[{"embeddable":true,"href":"https:\/\/mppee.gob.ve\/index.php?rest_route=\/wp\/v2\/users\/24"}],"replies":[{"embeddable":true,"href":"https:\/\/mppee.gob.ve\/index.php?rest_route=%2Fwp%2Fv2%2Fcomments&post=98910"}],"version-history":[{"count":0,"href":"https:\/\/mppee.gob.ve\/index.php?rest_route=\/wp\/v2\/posts\/98910\/revisions"}],"wp:featuredmedia":[{"embeddable":true,"href":"https:\/\/mppee.gob.ve\/index.php?rest_route=\/"}],"wp:attachment":[{"href":"https:\/\/mppee.gob.ve\/index.php?rest_route=%2Fwp%2Fv2%2Fmedia&parent=98910"}],"wp:term":[{"taxonomy":"category","embeddable":true,"href":"https:\/\/mppee.gob.ve\/index.php?rest_route=%2Fwp%2Fv2%2Fcategories&post=98910"},{"taxonomy":"post_tag","embeddable":true,"href":"https:\/\/mppee.gob.ve\/index.php?rest_route=%2Fwp%2Fv2%2Ftags&post=98910"}],"curies":[{"name":"wp","href":"https:\/\/api.w.org\/{rel}","templated":true}]}}