{"id":98913,"date":"2025-07-22T16:42:42","date_gmt":"2025-07-22T16:42:42","guid":{"rendered":"http:\/\/mppee.gob.ve\/?p=98913"},"modified":"2025-07-22T16:42:42","modified_gmt":"2025-07-22T16:42:42","slug":"olade-promueve-interconexion-electrica-latinoamericana-en-vii-reunion-ministerial-de-energia-de-la-celac","status":"publish","type":"post","link":"https:\/\/mppee.gob.ve\/?p=98913","title":{"rendered":"OLADE promueve interconexi\u00f3n el\u00e9ctrica latinoamericana en VII Reuni\u00f3n Ministerial de Energ\u00eda de la CELAC"},"content":{"rendered":"\n<p><strong>Bogot\u00e1 Colombia.- <\/strong>El secretario ejecutivo de Organizaci\u00f3n Latinoamericana de Energ\u00eda (OLADE), Andr\u00e9s Rebolledo, enfatiz\u00f3 este martes en la <a href=\"http:\/\/mppee.gob.ve\/?p=98897\" data-type=\"link\" data-id=\"http:\/\/mppee.gob.ve\/?p=98897\">VII Reuni\u00f3n de Ministros y Ministras de Energ\u00eda<\/a> de la Comunidad de Estados Latinoamericanos y Caribe\u00f1os (CELAC), que la transici\u00f3n energ\u00e9tica debe construirse colectivamente, a trav\u00e9s de la cooperaci\u00f3n, el di\u00e1logo t\u00e9cnico, la voluntad pol\u00edtica y el reconocimiento de la diversidad regional.<\/p>\n\n\n\n<p>\u201cNuestra Am\u00e9rica Latina y el Caribe es una regi\u00f3n privilegiada con grandes recursos energ\u00e9ticos, pero tambi\u00e9n muy diversa. Por eso, desde OLADE, hablamos de transiciones energ\u00e9ticas en plural\u201d, se\u00f1al\u00f3.<\/p>\n\n\n\n<p>Rebolledo destac\u00f3 que la regi\u00f3n se encuentra en un momento crucial, en medio de profundas transformaciones econ\u00f3micas, tecnol\u00f3gicas y energ\u00e9ticas a nivel global.<\/p>\n\n\n\n<p>\u201cNuestra regi\u00f3n tiene la oportunidad de situarse a la vanguardia, con una matriz energ\u00e9tica m\u00e1s limpia: el a\u00f1o pasado, el 70% de nuestra electricidad fue generada con fuentes limpias. Sin embargo, solo hemos explotado el 10% del recurso e\u00f3lico, el 30% del hidroel\u00e9ctrico y apenas el 2% del solar y la geotermia. Adem\u00e1s, contribuimos con el 27% de la producci\u00f3n mundial de biocombustibles, el 5% del gas natural y el 10% del petr\u00f3leo\u201d, detall\u00f3.<\/p>\n\n\n\n<p>El desaf\u00edo, seg\u00fan Rebolledo, es traducir esta riqueza energ\u00e9tica en inclusi\u00f3n, desarrollo, generaci\u00f3n de empleo y resiliencia frente al cambio clim\u00e1tico, cumpliendo con los compromisos ambientales globales.<\/p>\n\n\n\n<p>\u201cPara consolidar el liderazgo regional en soluciones energ\u00e9ticas sostenibles, debemos crear condiciones adecuadas: marcos regulatorios, inversi\u00f3n, equilibrio p\u00fablico-privado, integraci\u00f3n de mujeres y j\u00f3venes, di\u00e1logo con las comunidades y una coordinaci\u00f3n regional que se traduzca en acciones concretas\u201d, puntualiz\u00f3.<\/p>\n\n\n\n<p>En este contexto, subray\u00f3 la importancia de dar continuidad a los avances logrados durante la presidencia pro tempore de Honduras en la CELAC.<\/p>\n\n\n\n<p>\u201cLe damos continuidad a lo que fue una muy buena reuni\u00f3n y una muy buena agenda durante la presidencia de Honduras, que result\u00f3 en un gran impulso. Esta reuni\u00f3n es una valiosa oportunidad para consolidar nuestra visi\u00f3n compartida de un futuro energ\u00e9tico sostenible, justo e integrado en Am\u00e9rica Latina y el Caribe\u201d, afirm\u00f3 Rebolledo.<\/p>\n\n\n\n<p>Rebolledo recalc\u00f3 que la transici\u00f3n energ\u00e9tica \u201cha dejado de ser una aspiraci\u00f3n para convertirse en una necesidad urgente\u201d.<\/p>\n\n\n\n<p>OLADE, junto a sus 27 pa\u00edses miembros, trabaja para construir sistemas energ\u00e9ticos m\u00e1s eficientes, resilientes e interconectados, y uno de los grandes consensos de la CELAC es avanzar hacia la interconexi\u00f3n el\u00e9ctrica regional y un mercado energ\u00e9tico latinoamericano integrado.<\/p>\n\n\n\n<p>Este 22 y 23 de julio se realiza la VII Reuni\u00f3n de Ministras y Ministros de Energ\u00eda de la Comunidad de Estados Latinoamericanos y Caribe\u00f1os (CELAC), en Bogot\u00e1, Colombia, bajo el liderazgo del Ministerio de Minas y Energ\u00eda de Colombia y la Organizaci\u00f3n Latinoamericana de Energ\u00eda (OLADE) como Secretar\u00eda Ejecutiva.<\/p>\n\n\n\n<p>Esta cumbre, encabezada por el ministro Edwin Palma, re\u00fane a organismos internacionales, delegaciones diplom\u00e1ticas y aliados estrat\u00e9gicos del sector energ\u00e9tico, con el objetivo de consolidar consensos regionales en torno a una transici\u00f3n energ\u00e9tica justa, resiliente y soberana para Am\u00e9rica Latina y el Caribe.<\/p>\n\n\n\n<p>Durante la sesi\u00f3n inaugural, que cuenta con la participaci\u00f3n del ministro del Poder Popular para la Energ\u00eda El\u00e9ctrica, Jorge M\u00e1rquez, se abrir\u00e1 un espacio de di\u00e1logo para debatir prioridades, identificar tendencias globales y regionales, y definir acciones concretas frente a los desaf\u00edos energ\u00e9ticos actuales y emergentes.<\/p>\n\n\n\n<p><strong>Prensa MPPEE-CORPOELEC \/ Kris Carrasco<\/strong><\/p>\n","protected":false},"excerpt":{"rendered":"<p>Bogot\u00e1 Colombia.- El secretario ejecutivo de Organizaci\u00f3n Latinoamericana de Energ\u00eda (OLADE), Andr\u00e9s Rebolledo, enfatiz\u00f3 este martes en la VII Reuni\u00f3n<\/p>\n","protected":false},"author":24,"featured_media":98928,"comment_status":"closed","ping_status":"closed","sticky":false,"template":"","format":"standard","meta":{"footnotes":""},"categories":[1,15],"tags":[3175,3176,3173,2781,3177,3178],"class_list":["post-98913","post","type-post","status-publish","format-standard","has-post-thumbnail","hentry","category-mppee","category-nacionales","tag-america-latina","tag-caribe","tag-celac","tag-energia","tag-interconexion","tag-olade"],"_links":{"self":[{"href":"https:\/\/mppee.gob.ve\/index.php?rest_route=\/wp\/v2\/posts\/98913","targetHints":{"allow":["GET"]}}],"collection":[{"href":"https:\/\/mppee.gob.ve\/index.php?rest_route=\/wp\/v2\/posts"}],"about":[{"href":"https:\/\/mppee.gob.ve\/index.php?rest_route=\/wp\/v2\/types\/post"}],"author":[{"embeddable":true,"href":"https:\/\/mppee.gob.ve\/index.php?rest_route=\/wp\/v2\/users\/24"}],"replies":[{"embeddable":true,"href":"https:\/\/mppee.gob.ve\/index.php?rest_route=%2Fwp%2Fv2%2Fcomments&post=98913"}],"version-history":[{"count":0,"href":"https:\/\/mppee.gob.ve\/index.php?rest_route=\/wp\/v2\/posts\/98913\/revisions"}],"wp:featuredmedia":[{"embeddable":true,"href":"https:\/\/mppee.gob.ve\/index.php?rest_route=\/"}],"wp:attachment":[{"href":"https:\/\/mppee.gob.ve\/index.php?rest_route=%2Fwp%2Fv2%2Fmedia&parent=98913"}],"wp:term":[{"taxonomy":"category","embeddable":true,"href":"https:\/\/mppee.gob.ve\/index.php?rest_route=%2Fwp%2Fv2%2Fcategories&post=98913"},{"taxonomy":"post_tag","embeddable":true,"href":"https:\/\/mppee.gob.ve\/index.php?rest_route=%2Fwp%2Fv2%2Ftags&post=98913"}],"curies":[{"name":"wp","href":"https:\/\/api.w.org\/{rel}","templated":true}]}}