{"id":98916,"date":"2025-07-22T16:54:34","date_gmt":"2025-07-22T16:54:34","guid":{"rendered":"http:\/\/mppee.gob.ve\/?p=98916"},"modified":"2025-07-22T16:54:34","modified_gmt":"2025-07-22T16:54:34","slug":"colombia-destaca-la-energia-como-motor-de-integracion-y-desarrollo-en-celac","status":"publish","type":"post","link":"https:\/\/mppee.gob.ve\/?p=98916","title":{"rendered":"Colombia destaca la energ\u00eda como motor de integraci\u00f3n y desarrollo en CELAC"},"content":{"rendered":"\n<p><strong>Bogot\u00e1, Colombia.- <\/strong>En el marco de la <a href=\"http:\/\/mppee.gob.ve\/?p=98897\" data-type=\"link\" data-id=\"http:\/\/mppee.gob.ve\/?p=98897\">VII Reuni\u00f3n Ministerial de Energ\u00eda<\/a> de la Comunidad de Estados Latinoamericanos y Caribe\u00f1os (CELAC), que inici\u00f3 este martes en Bogot\u00e1, el ministro de Minas y Energ\u00eda de Colombia, Edwin Palma Egea, subray\u00f3 que la energ\u00eda es el instrumento de uni\u00f3n regional.<\/p>\n\n\n\n<p>El representante del Gobierno colombiano reafirm\u00f3 su compromiso con la integraci\u00f3n latinoamericana y caribe\u00f1a como eje estrat\u00e9gico para el desarrollo sostenible.<\/p>\n\n\n\n<p>\u201cTodos los caminos conducen a la integraci\u00f3n, y la integraci\u00f3n energ\u00e9tica es el camino que elegimos para construir una regi\u00f3n m\u00e1s resiliente, justa y unida\u201d, expres\u00f3 en sus palabras de apertura de la Cumbre que se celebra en la C\u00e1mara de Comercio de Bogot\u00e1.<\/p>\n\n\n\n<p>En sus palabras de bienvenida a los pa\u00edses que participan en el encuentro mencion\u00f3 la importancia de la energ\u00eda como movilizador social para \u201csacar a millones de personas de la pobreza\u201d.<\/p>\n\n\n\n<p>Por ello, llam\u00f3 a propiciar la construcci\u00f3n de grandes acuerdos desde la perspectiva integracionista del gobierno colombiano, que permita, m\u00e1s all\u00e1 de superar la pobreza monetaria, superar la pobreza energ\u00e9tica.<\/p>\n\n\n\n<p>\u201cIntegrar es mucho m\u00e1s que construir redes el\u00e9ctricas, es construir acuerdos pol\u00edticos, es armonizar regulaciones, es compartir tecnolog\u00edas, es facilitar el intercambio de conocimientos y asegurar que todos los pa\u00edses grandes o peque\u00f1os puedan acceder a los beneficios de la transici\u00f3n. Abrir espacios para que las comunidades participen y opinen y se apropien de los conceptos\u201d, resalt\u00f3.<\/p>\n\n\n\n<p><strong>Prensa MPPEE-CORPOELEC \/ Rosiris Ortega<\/strong><\/p>\n","protected":false},"excerpt":{"rendered":"<p>Bogot\u00e1, Colombia.- En el marco de la VII Reuni\u00f3n Ministerial de Energ\u00eda de la Comunidad de Estados Latinoamericanos y Caribe\u00f1os<\/p>\n","protected":false},"author":24,"featured_media":98929,"comment_status":"closed","ping_status":"closed","sticky":false,"template":"","format":"standard","meta":{"footnotes":""},"categories":[1,15],"tags":[3173,3157,2781,3179],"class_list":["post-98916","post","type-post","status-publish","format-standard","has-post-thumbnail","hentry","category-mppee","category-nacionales","tag-celac","tag-colombia","tag-energia","tag-integracion"],"_links":{"self":[{"href":"https:\/\/mppee.gob.ve\/index.php?rest_route=\/wp\/v2\/posts\/98916","targetHints":{"allow":["GET"]}}],"collection":[{"href":"https:\/\/mppee.gob.ve\/index.php?rest_route=\/wp\/v2\/posts"}],"about":[{"href":"https:\/\/mppee.gob.ve\/index.php?rest_route=\/wp\/v2\/types\/post"}],"author":[{"embeddable":true,"href":"https:\/\/mppee.gob.ve\/index.php?rest_route=\/wp\/v2\/users\/24"}],"replies":[{"embeddable":true,"href":"https:\/\/mppee.gob.ve\/index.php?rest_route=%2Fwp%2Fv2%2Fcomments&post=98916"}],"version-history":[{"count":0,"href":"https:\/\/mppee.gob.ve\/index.php?rest_route=\/wp\/v2\/posts\/98916\/revisions"}],"wp:featuredmedia":[{"embeddable":true,"href":"https:\/\/mppee.gob.ve\/index.php?rest_route=\/"}],"wp:attachment":[{"href":"https:\/\/mppee.gob.ve\/index.php?rest_route=%2Fwp%2Fv2%2Fmedia&parent=98916"}],"wp:term":[{"taxonomy":"category","embeddable":true,"href":"https:\/\/mppee.gob.ve\/index.php?rest_route=%2Fwp%2Fv2%2Fcategories&post=98916"},{"taxonomy":"post_tag","embeddable":true,"href":"https:\/\/mppee.gob.ve\/index.php?rest_route=%2Fwp%2Fv2%2Ftags&post=98916"}],"curies":[{"name":"wp","href":"https:\/\/api.w.org\/{rel}","templated":true}]}}