{"id":98941,"date":"2025-07-23T02:00:57","date_gmt":"2025-07-23T02:00:57","guid":{"rendered":"http:\/\/mppee.gob.ve\/?p=98941"},"modified":"2025-07-25T19:00:52","modified_gmt":"2025-07-25T19:00:52","slug":"venezuela-apuesta-por-una-transicion-energetica-equilibrada-y-realista","status":"publish","type":"post","link":"https:\/\/mppee.gob.ve\/?p=98941","title":{"rendered":"Venezuela apuesta por una transici\u00f3n energ\u00e9tica equilibrada y realista"},"content":{"rendered":"\n<p><strong>Bogot\u00e1, Colombia.- <\/strong>Venezuela transita un proceso de recuperaci\u00f3n progresiva de su capacidad de producci\u00f3n y procesos operacionales estrat\u00e9gicos para un crecimiento integral y sostenible, con esfuerzo propio, gracias a las orientaciones estrat\u00e9gicas del presidente, Nicol\u00e1s Maduro.<\/p>\n\n\n\n<p>As\u00ed lo afirm\u00f3 el vicepresidente sectorial de Obras P\u00fablicas y Servicios, Jorge M\u00e1rquez, durante su intervenci\u00f3n en la VII Cumbre Ministerial de Energ\u00eda de la Comunidad de Estados Latinoamericanos y Caribe\u00f1os (CELAC), que se desarrolla en la ciudad de Bogot\u00e1, Colombia, este martes. <\/p>\n\n\n\n<p> \u201cEsperamos que a medida que sigamos avanzando en la recuperaci\u00f3n econ\u00f3mica y superemos las medidas coercitivas unilaterales podamos ir reconstruyendo la cooperaci\u00f3n energ\u00e9tica con los pa\u00edses hermanos de la regi\u00f3n\u201d, asever\u00f3 M\u00e1rquez. <\/p>\n\n\n\n<p>El tambi\u00e9n Ministro del Poder Popular para la Energ\u00eda El\u00e9ctrica subray\u00f3 que en la regi\u00f3n \u201cno podemos hablar de inversi\u00f3n, seguridad y accesibilidad si no garantizamos que los pueblos tengan acceso a la energ\u00eda segura\u201d.<\/p>\n\n\n\n<p>En este sentido, Venezuela apoya todas las iniciativas para la diversificaci\u00f3n de la matriz energ\u00e9tica y la disminuci\u00f3n de gases de efecto invernadero, sin embargo para el pa\u00eds suramericano la transici\u00f3n energ\u00e9tica debe ser equilibrada y realista. <\/p>\n\n\n\n<p>\u201cLa inversi\u00f3n de los 2.2 billones de d\u00f3lares de energ\u00edas renovables no garantiza que se cumpla la meta establecida de cero emisiones de carbono para el a\u00f1o 2050\u201d enfatiz\u00f3 el jefe de la delegaci\u00f3n venezolana, al tiempo que revalid\u00f3 la vigencia del principio de responsabilidades comunes pero diferenciadas. <\/p>\n\n\n\n<p>\u201cSomos una de las regiones que menos emite gases de efecto invernadero por lo que no aceptamos agenda de transici\u00f3n energ\u00e9tica impuestas por los pa\u00edses desarrollados, quienes ostentan las principales e inocultables responsabilidades cualitativas y cuantitativas del incremento de la temperatura global\u201d sentenci\u00f3. <\/p>\n\n\n\n<p>En esa l\u00ednea, el Ministro se\u00f1al\u00f3 que los pa\u00edses desarrollados tienen la obligaci\u00f3n impostergable de reducir significativamente sus emisiones de gases de efecto invernadero y cumplir con el apoyo financiero y tecnol\u00f3gico para que sea posible la implementaci\u00f3n de estrategias propias de mitigaci\u00f3n y adaptaci\u00f3n a la crisis clim\u00e1tica. <\/p>\n\n\n\n<p>La VII Cumbre Ministerial de Energ\u00eda de la Comunidad de Estados Latinoamericanos y Caribe\u00f1os (CELAC) re\u00fane a representantes de alto nivel de pa\u00edses de la regi\u00f3n, entre ellos Venezuela, Ecuador, Guyana, Panam\u00e1, Rep\u00fablica Dominicana, Cuba, Honduras, Costa Rica, El Salvador, Paraguay, M\u00e9xico, Chile, Uruguay, Brasil, Colombia, Estados Unidos (a trav\u00e9s del Banco Mundial) y la Uni\u00f3n Europea.<\/p>\n\n\n\n<p><strong>Prensa MPPEE\/CORPOELEC <\/strong><\/p>\n","protected":false},"excerpt":{"rendered":"<p>Bogot\u00e1, Colombia.- Venezuela transita un proceso de recuperaci\u00f3n progresiva de su capacidad de producci\u00f3n y procesos operacionales estrat\u00e9gicos para un<\/p>\n","protected":false},"author":22,"featured_media":99041,"comment_status":"closed","ping_status":"closed","sticky":false,"template":"","format":"standard","meta":{"footnotes":""},"categories":[1,15],"tags":[3173,3157,11,46],"class_list":["post-98941","post","type-post","status-publish","format-standard","has-post-thumbnail","hentry","category-mppee","category-nacionales","tag-celac","tag-colombia","tag-mppee","tag-venezuela"],"_links":{"self":[{"href":"https:\/\/mppee.gob.ve\/index.php?rest_route=\/wp\/v2\/posts\/98941","targetHints":{"allow":["GET"]}}],"collection":[{"href":"https:\/\/mppee.gob.ve\/index.php?rest_route=\/wp\/v2\/posts"}],"about":[{"href":"https:\/\/mppee.gob.ve\/index.php?rest_route=\/wp\/v2\/types\/post"}],"author":[{"embeddable":true,"href":"https:\/\/mppee.gob.ve\/index.php?rest_route=\/wp\/v2\/users\/22"}],"replies":[{"embeddable":true,"href":"https:\/\/mppee.gob.ve\/index.php?rest_route=%2Fwp%2Fv2%2Fcomments&post=98941"}],"version-history":[{"count":1,"href":"https:\/\/mppee.gob.ve\/index.php?rest_route=\/wp\/v2\/posts\/98941\/revisions"}],"predecessor-version":[{"id":99081,"href":"https:\/\/mppee.gob.ve\/index.php?rest_route=\/wp\/v2\/posts\/98941\/revisions\/99081"}],"wp:featuredmedia":[{"embeddable":true,"href":"https:\/\/mppee.gob.ve\/index.php?rest_route=\/wp\/v2\/media\/99041"}],"wp:attachment":[{"href":"https:\/\/mppee.gob.ve\/index.php?rest_route=%2Fwp%2Fv2%2Fmedia&parent=98941"}],"wp:term":[{"taxonomy":"category","embeddable":true,"href":"https:\/\/mppee.gob.ve\/index.php?rest_route=%2Fwp%2Fv2%2Fcategories&post=98941"},{"taxonomy":"post_tag","embeddable":true,"href":"https:\/\/mppee.gob.ve\/index.php?rest_route=%2Fwp%2Fv2%2Ftags&post=98941"}],"curies":[{"name":"wp","href":"https:\/\/api.w.org\/{rel}","templated":true}]}}