{"id":98944,"date":"2025-07-23T02:06:25","date_gmt":"2025-07-23T02:06:25","guid":{"rendered":"http:\/\/mppee.gob.ve\/?p=98944"},"modified":"2025-07-25T19:00:01","modified_gmt":"2025-07-25T19:00:01","slug":"venezuela-propone-plan-de-accion-para-la-integracion-gasifera-de-la-celac","status":"publish","type":"post","link":"https:\/\/mppee.gob.ve\/?p=98944","title":{"rendered":"Venezuela propone plan de acci\u00f3n para la integraci\u00f3n gas\u00edfera de la CELAC"},"content":{"rendered":"\n<p><strong>Bogot\u00e1, Colombia.-\u00a0<\/strong>Partiendo de la premisa de que el gas natural es un combustible de transici\u00f3n que permite reducir la intensidad de las emisiones del sector energ\u00e9tico, Venezuela propuso ante la plenaria de la VII Cumbre Ministerial de Energ\u00eda de la Comunidad de Estados Latinoamericanos y Caribe\u00f1os (CELAC) la elaboraci\u00f3n conjunta de un plan de acci\u00f3n para la integraci\u00f3n gas\u00edfera.<\/p>\n\n\n\n<p>La propuesta fue elevada por el vicepresidente de Obras P\u00fablicas y Servicios, Jorge M\u00e1rquez, designado por el presidente venezolano, Nicol\u00e1s Maduro, para encabezar la delegaci\u00f3n bolivariana ante la reuni\u00f3n del organismo multilateral que se desarrolla en Bogot\u00e1, Colombia, este martes.<\/p>\n\n\n\n<p>La iniciativa contemplada dentro de los principios de la CELAC, convoca a la participaci\u00f3n abierta y voluntaria de los Estados, bajo la coordinaci\u00f3n t\u00e9cnica de la secretaria ejecutiva de la Organizaci\u00f3n Latinoamericana de Energ\u00eda (OLADE).<\/p>\n\n\n\n<p>Durante su intervenci\u00f3n, el tambi\u00e9n Ministro del Poder Popular para la Energ\u00eda El\u00e9ctrica, apel\u00f3 a la sensatez del liderazgo de cada uno de los integrantes de la CELAC dada la urgencia de ofrecer respuestas concretas a base de combustibles limpios contra la pobreza energ\u00e9tica.<\/p>\n\n\n\n<p>Venezuela, adem\u00e1s plante\u00f3 que la OLADE presente en el primer trimestre de 2026 los lineamientos estrat\u00e9gicos del plan de acci\u00f3n para la integraci\u00f3n gas\u00edfera de la CELAC.<\/p>\n\n\n\n<p>Asimismo, M\u00e1rquez se\u00f1al\u00f3 que Caracas mantiene su firme voluntad de trabajar sin dilaci\u00f3n en los objetivos de la integraci\u00f3n regional.<\/p>\n\n\n\n<p>\u201cEn nombre del presidente Nicol\u00e1s Maduro, Venezuela reafirma su voluntad de trabajar sin dilaci\u00f3n en los objetivos de la integraci\u00f3n, m\u00e1s aun de la uni\u00f3n para la construcci\u00f3n de la Patria Grande siempre respetando nuestras diferencias, apostando a la unidad en la diversidad ante la necesidad hist\u00f3rica de ser una comunidad de paz, convivencia y cooperaci\u00f3n en un mundo cada vez m\u00e1s complejo, lleno de retos y desaf\u00edos donde nuestra prioridad debe ser proporcionar la mayor suma de felicidad a nuestros pueblos\u201d concluy\u00f3.<\/p>\n\n\n\n<p><strong>Prensa MPPEE-CORPOELEC<\/strong><\/p>\n","protected":false},"excerpt":{"rendered":"<p>Bogot\u00e1, Colombia.-\u00a0Partiendo de la premisa de que el gas natural es un combustible de transici\u00f3n que permite reducir la intensidad<\/p>\n","protected":false},"author":22,"featured_media":99079,"comment_status":"closed","ping_status":"closed","sticky":false,"template":"","format":"standard","meta":{"footnotes":""},"categories":[1,15],"tags":[3173,3157,11,2744,46],"class_list":["post-98944","post","type-post","status-publish","format-standard","has-post-thumbnail","hentry","category-mppee","category-nacionales","tag-celac","tag-colombia","tag-mppee","tag-sen","tag-venezuela"],"_links":{"self":[{"href":"https:\/\/mppee.gob.ve\/index.php?rest_route=\/wp\/v2\/posts\/98944","targetHints":{"allow":["GET"]}}],"collection":[{"href":"https:\/\/mppee.gob.ve\/index.php?rest_route=\/wp\/v2\/posts"}],"about":[{"href":"https:\/\/mppee.gob.ve\/index.php?rest_route=\/wp\/v2\/types\/post"}],"author":[{"embeddable":true,"href":"https:\/\/mppee.gob.ve\/index.php?rest_route=\/wp\/v2\/users\/22"}],"replies":[{"embeddable":true,"href":"https:\/\/mppee.gob.ve\/index.php?rest_route=%2Fwp%2Fv2%2Fcomments&post=98944"}],"version-history":[{"count":1,"href":"https:\/\/mppee.gob.ve\/index.php?rest_route=\/wp\/v2\/posts\/98944\/revisions"}],"predecessor-version":[{"id":99080,"href":"https:\/\/mppee.gob.ve\/index.php?rest_route=\/wp\/v2\/posts\/98944\/revisions\/99080"}],"wp:featuredmedia":[{"embeddable":true,"href":"https:\/\/mppee.gob.ve\/index.php?rest_route=\/wp\/v2\/media\/99079"}],"wp:attachment":[{"href":"https:\/\/mppee.gob.ve\/index.php?rest_route=%2Fwp%2Fv2%2Fmedia&parent=98944"}],"wp:term":[{"taxonomy":"category","embeddable":true,"href":"https:\/\/mppee.gob.ve\/index.php?rest_route=%2Fwp%2Fv2%2Fcategories&post=98944"},{"taxonomy":"post_tag","embeddable":true,"href":"https:\/\/mppee.gob.ve\/index.php?rest_route=%2Fwp%2Fv2%2Ftags&post=98944"}],"curies":[{"name":"wp","href":"https:\/\/api.w.org\/{rel}","templated":true}]}}