{"id":98952,"date":"2025-07-23T02:14:59","date_gmt":"2025-07-23T02:14:59","guid":{"rendered":"http:\/\/mppee.gob.ve\/?p=98952"},"modified":"2025-07-25T18:56:55","modified_gmt":"2025-07-25T18:56:55","slug":"venezuela-eleva-su-voz-desde-la-celac-contra-las-medidas-coercitivas-unilaterales","status":"publish","type":"post","link":"https:\/\/mppee.gob.ve\/?p=98952","title":{"rendered":"Venezuela eleva su voz desde la CELAC contra las medidas coercitivas unilaterales"},"content":{"rendered":"\n<p><strong>Bogot\u00e1, Colombia.-<\/strong>\u00a0Durante su intervenci\u00f3n desde la VII Reuni\u00f3n Ministerial de la Comunidad de Estados Latinoamericanos y Caribe\u00f1os (CELAC), el ministro del Poder Popular para la Energ\u00eda El\u00e9ctrica, Jorge M\u00e1rquez, adelant\u00f3 que a pesar de las medidas coercitivas unilaterales aplicadas por los Estados Unidos a Venezuela, la naci\u00f3n suramericana se levanta con ah\u00ednco para desarrollarse a\u00fan m\u00e1s en materia energ\u00e9tica.<\/p>\n\n\n\n<p>\u00abVenezuela est\u00e1 creciendo y recuperando su econom\u00eda y, en particular, nuestra industria petrolera y gas\u00edfera, as\u00ed como tambi\u00e9n la estabilizaci\u00f3n del Sistema El\u00e9ctrico Nacional (SEN), lo que nos hace ser optimistas, prepar\u00e1ndonos para exportar nuestra primera mol\u00e9cula de gas en el a\u00f1o 2027\u00bb.<\/p>\n\n\n\n<p>Destac\u00f3 que la entereza y fuerza de Venezuela no caducar\u00e1 nunca frente a amenazas por lo que \u00abla resistencia heroica del pueblo y su gobierno durante m\u00e1s de 10 a\u00f1os han permitido que Venezuela, pa\u00eds precursor y sede de la fundaci\u00f3n de la CELAC, siga siendo parte activa de este mecanismo y sea propicia esta reuni\u00f3n para denunciar el impacto devastador que han ocasionado a nuestro pa\u00eds esas medidas coercitivas unilaterales\u00bb.<\/p>\n\n\n\n<p>Desde Bogot\u00e1, M\u00e1rquez aport\u00f3 un balance de las cuantiosas cifras en p\u00e9rdidas de miles de millones de d\u00f3lares que le han costado al sector energ\u00e9tico en Venezuela, como consecuencia de las medidas coercitivas.<\/p>\n\n\n\n<p>\u00abDe las 1.041 medidas coercitivas unilaterales, m\u00e1s de 100 est\u00e1n dirigidas hacia el sector energ\u00eda, generando p\u00e9rdidas por m\u00e1s de 232 mil millones de d\u00f3lares, entre 2017 y 2024, que equivalen al detrimento diario del ingreso nacional en 77 millones de d\u00f3lares\u00bb.<\/p>\n\n\n\n<p>Frente a ese escenario planteado por los Estados Unidos que busca silenciar las voces de los pa\u00edses que defienden su soberan\u00eda e independencia, sentenci\u00f3 que la estrategia del bloque CELAC debe ser la de mantenerse firme y elevar la voz de protesta en contra de estas acciones que solo buscan perjudicar y doblegar.<\/p>\n\n\n\n<p>\u00abDesde Venezuela hacemos un llamado para que unidos defendamos la soberan\u00eda e independencia energ\u00e9tica de la regi\u00f3n y rechacemos en bloque la imposici\u00f3n de medidas coercitivas unilaterales, especialmente sobre nuestras industrias energ\u00e9ticas\u00bb.<\/p>\n\n\n\n<p>Se\u00f1al\u00f3 tambi\u00e9n que uno de los m\u00e9todos aplicados por el imperio ha sido frenar los esfuerzos de Venezuela para evitar su crecimiento en el campo energ\u00e9tico.<\/p>\n\n\n\n<p>\u00abActualmente, las medidas coercitivas unilaterales en contra de Venezuela limitan la cooperaci\u00f3n energ\u00e9tica con los pa\u00edses de Am\u00e9rica Latina y el Caribe, un ejemplo irrefutable ha sido el impacto contra Petrocaribe con el chantaje e intimidaci\u00f3n del gobierno de Estados Unidos\u00bb.<\/p>\n\n\n\n<p>Destac\u00f3 que, actualmente, \u00abel 26% de la producci\u00f3n petrolera del mundo est\u00e1 bajo medidas coercitivas unilaterales, y el 46% de las reservas de este importante recurso tambi\u00e9n\u00bb.<\/p>\n\n\n\n<p>Estados Unidos mantienen vigentes una gran cantidad de medidas coercitivas unilaterales en contra de Venezuela. Entre las m\u00e1s importantes se encuentran la prohibici\u00f3n de venta de tecnolog\u00eda, la Ley de Enemigos Extranjeros, aranceles de 25 % a las empresas que le compren petr\u00f3leo al pa\u00eds y arancel de 15 % a las importaciones de productos procedentes del territorio venezolano, seg\u00fan reporto recientemente el Observatorio Venezolano Antibloqueo.<\/p>\n\n\n\n<p><strong>Prensa MPPEE-CORPOELEC\/Mar\u00eda Mercedes Noguera<\/strong><\/p>\n","protected":false},"excerpt":{"rendered":"<p>Bogot\u00e1, Colombia.-\u00a0Durante su intervenci\u00f3n desde la VII Reuni\u00f3n Ministerial de la Comunidad de Estados Latinoamericanos y Caribe\u00f1os (CELAC), el ministro<\/p>\n","protected":false},"author":22,"featured_media":99041,"comment_status":"closed","ping_status":"closed","sticky":false,"template":"","format":"standard","meta":{"footnotes":""},"categories":[1,15],"tags":[3173,3157,11,2744,46],"class_list":["post-98952","post","type-post","status-publish","format-standard","has-post-thumbnail","hentry","category-mppee","category-nacionales","tag-celac","tag-colombia","tag-mppee","tag-sen","tag-venezuela"],"_links":{"self":[{"href":"https:\/\/mppee.gob.ve\/index.php?rest_route=\/wp\/v2\/posts\/98952","targetHints":{"allow":["GET"]}}],"collection":[{"href":"https:\/\/mppee.gob.ve\/index.php?rest_route=\/wp\/v2\/posts"}],"about":[{"href":"https:\/\/mppee.gob.ve\/index.php?rest_route=\/wp\/v2\/types\/post"}],"author":[{"embeddable":true,"href":"https:\/\/mppee.gob.ve\/index.php?rest_route=\/wp\/v2\/users\/22"}],"replies":[{"embeddable":true,"href":"https:\/\/mppee.gob.ve\/index.php?rest_route=%2Fwp%2Fv2%2Fcomments&post=98952"}],"version-history":[{"count":1,"href":"https:\/\/mppee.gob.ve\/index.php?rest_route=\/wp\/v2\/posts\/98952\/revisions"}],"predecessor-version":[{"id":99072,"href":"https:\/\/mppee.gob.ve\/index.php?rest_route=\/wp\/v2\/posts\/98952\/revisions\/99072"}],"wp:featuredmedia":[{"embeddable":true,"href":"https:\/\/mppee.gob.ve\/index.php?rest_route=\/wp\/v2\/media\/99041"}],"wp:attachment":[{"href":"https:\/\/mppee.gob.ve\/index.php?rest_route=%2Fwp%2Fv2%2Fmedia&parent=98952"}],"wp:term":[{"taxonomy":"category","embeddable":true,"href":"https:\/\/mppee.gob.ve\/index.php?rest_route=%2Fwp%2Fv2%2Fcategories&post=98952"},{"taxonomy":"post_tag","embeddable":true,"href":"https:\/\/mppee.gob.ve\/index.php?rest_route=%2Fwp%2Fv2%2Ftags&post=98952"}],"curies":[{"name":"wp","href":"https:\/\/api.w.org\/{rel}","templated":true}]}}