{"id":98969,"date":"2025-07-23T14:51:24","date_gmt":"2025-07-23T14:51:24","guid":{"rendered":"http:\/\/mppee.gob.ve\/?p=98969"},"modified":"2025-07-25T19:02:41","modified_gmt":"2025-07-25T19:02:41","slug":"celac-disena-planificacion-estrategica-para-fomentar-financiamiento-de-proyectos-de-transicion-energetica","status":"publish","type":"post","link":"https:\/\/mppee.gob.ve\/?p=98969","title":{"rendered":"CELAC dise\u00f1a planificaci\u00f3n estrat\u00e9gica para fomentar financiamiento de proyectos de transici\u00f3n energ\u00e9tica"},"content":{"rendered":"\n<p><strong>Bogot\u00e1, Colombia.-<\/strong> Con una visi\u00f3n estrat\u00e9gica de car\u00e1cter soberano y sostenible, la Comunidad de Estados Latinoamericanos y Caribe\u00f1os (CELAC) refuerza las bases del di\u00e1logo pol\u00edtico para allanar el camino hacia las transiciones energ\u00e9ticas y clim\u00e1ticas que demanda el Sur Global.<\/p>\n\n\n\n<p>Este mi\u00e9rcoles, representantes de las carteras de Energ\u00eda y Minas de Am\u00e9rica Latina y el Caribe, junto con l\u00edderes sociales y emprendedores, se re\u00fanen nuevamente para abordar mecanismos financieros innovadores para concretar proyectos que contribuyan a la democratizaci\u00f3n de la energ\u00eda en la regi\u00f3n.<\/p>\n\n\n\n<p>En representaci\u00f3n del Gobierno Bolivariano, el ministro del Poder Popular para la Energ\u00eda El\u00e9ctrica, Jorge M\u00e1rquez, y los viceministros de Petr\u00f3leo, Paula Henao, y de Gas, Luis Miguel Gonz\u00e1lez N\u00fa\u00f1ez, participan en la I Cumbre de Financiamiento para las Transiciones Energ\u00e9ticas de Am\u00e9rica Latina y el Caribe, cuyo prop\u00f3sito tambi\u00e9n es fomentar la planificaci\u00f3n t\u00e9cnico-pol\u00edtica que permita superar desaf\u00edos estructurales y emergentes en materia energ\u00e9tica.<\/p>\n\n\n\n<p>Bajo esta premisa, delegaciones de una docena de pa\u00edses buscar\u00e1n movilizar recursos financieros y establecer compromisos concretos entre gobiernos, bancos multilaterales, el sector privado y organismos internacionales, con el objetivo de crear un marco de cooperaci\u00f3n que genere beneficios tangibles para las comunidades.<\/p>\n\n\n\n<p>El debate que convoca al Banco Mundial, al Banco Interamericano de Desarrollo (BID), al Banco de Desarrollo de Am\u00e9rica Latina y el Caribe (CAF), a la Agencia Internacional de Energ\u00eda (AIE) y a la Uni\u00f3n Europea estar\u00e1 orientado a proyectos de descarbonizaci\u00f3n, infraestructura resiliente y acceso equitativo a la energ\u00eda.<\/p>\n\n\n\n<p>Este encuentro forma parte de la <a href=\"http:\/\/mppee.gob.ve\/?p=98897\" data-type=\"link\" data-id=\"http:\/\/mppee.gob.ve\/?p=98897\">VII Reuni\u00f3n de Ministros y Ministras de Energ\u00eda<\/a> de la CELAC, que se desarrolla en Bogot\u00e1, bajo la premisa de adoptar posiciones conjuntas en materia energ\u00e9tica para construir consensos, definir prioridades y acordar acciones que favorezcan un futuro energ\u00e9tico justo y sostenible.<\/p>\n\n\n\n<p><strong>Agenda para el desarrollo conjunto<\/strong><\/p>\n\n\n\n<p>Durante la segunda jornada de la I Cumbre de Financiamiento, se tratar\u00e1n las oportunidades que ofrece Am\u00e9rica Latina y el Caribe en la transici\u00f3n energ\u00e9tica, as\u00ed como los mecanismos financieros para escalar proyectos energ\u00e9ticos, el impulso a las energ\u00edas renovables, la interconexi\u00f3n energ\u00e9tica regional, la infraestructura y la cooperaci\u00f3n, y la descarbonizaci\u00f3n del transporte y la industria.<\/p>\n\n\n\n<p>En simult\u00e1neo, se realizar\u00e1n intercambios centrados en ejes tem\u00e1ticos como la planificaci\u00f3n territorial y las comunidades energ\u00e9ticas como motor del desarrollo local.<\/p>\n\n\n\n<p>En calidad de pa\u00eds anfitri\u00f3n, Colombia presentar\u00e1 casos concretos que destacan el papel de las comunidades energ\u00e9ticas en la inclusi\u00f3n social y la diversificaci\u00f3n de las econom\u00edas locales en regiones tradicionalmente carbon\u00edferas.<\/p>\n\n\n\n<p><strong>Prensa MPPEE-CORPOELEC<\/strong><\/p>\n","protected":false},"excerpt":{"rendered":"<p>Bogot\u00e1, Colombia.- Con una visi\u00f3n estrat\u00e9gica de car\u00e1cter soberano y sostenible, la Comunidad de Estados Latinoamericanos y Caribe\u00f1os (CELAC) refuerza<\/p>\n","protected":false},"author":24,"featured_media":99085,"comment_status":"closed","ping_status":"closed","sticky":false,"template":"","format":"standard","meta":{"footnotes":""},"categories":[1],"tags":[3173,3181,3174],"class_list":["post-98969","post","type-post","status-publish","format-standard","has-post-thumbnail","hentry","category-mppee","tag-celac","tag-financiamiento","tag-transicion-energetica"],"_links":{"self":[{"href":"https:\/\/mppee.gob.ve\/index.php?rest_route=\/wp\/v2\/posts\/98969","targetHints":{"allow":["GET"]}}],"collection":[{"href":"https:\/\/mppee.gob.ve\/index.php?rest_route=\/wp\/v2\/posts"}],"about":[{"href":"https:\/\/mppee.gob.ve\/index.php?rest_route=\/wp\/v2\/types\/post"}],"author":[{"embeddable":true,"href":"https:\/\/mppee.gob.ve\/index.php?rest_route=\/wp\/v2\/users\/24"}],"replies":[{"embeddable":true,"href":"https:\/\/mppee.gob.ve\/index.php?rest_route=%2Fwp%2Fv2%2Fcomments&post=98969"}],"version-history":[{"count":1,"href":"https:\/\/mppee.gob.ve\/index.php?rest_route=\/wp\/v2\/posts\/98969\/revisions"}],"predecessor-version":[{"id":99086,"href":"https:\/\/mppee.gob.ve\/index.php?rest_route=\/wp\/v2\/posts\/98969\/revisions\/99086"}],"wp:featuredmedia":[{"embeddable":true,"href":"https:\/\/mppee.gob.ve\/index.php?rest_route=\/wp\/v2\/media\/99085"}],"wp:attachment":[{"href":"https:\/\/mppee.gob.ve\/index.php?rest_route=%2Fwp%2Fv2%2Fmedia&parent=98969"}],"wp:term":[{"taxonomy":"category","embeddable":true,"href":"https:\/\/mppee.gob.ve\/index.php?rest_route=%2Fwp%2Fv2%2Fcategories&post=98969"},{"taxonomy":"post_tag","embeddable":true,"href":"https:\/\/mppee.gob.ve\/index.php?rest_route=%2Fwp%2Fv2%2Ftags&post=98969"}],"curies":[{"name":"wp","href":"https:\/\/api.w.org\/{rel}","templated":true}]}}