{"id":98983,"date":"2025-07-23T20:10:18","date_gmt":"2025-07-23T20:10:18","guid":{"rendered":"http:\/\/mppee.gob.ve\/?p=98983"},"modified":"2025-07-25T19:01:55","modified_gmt":"2025-07-25T19:01:55","slug":"celac-debe-avanzar-unida-para-consolidar-transicion-energetica","status":"publish","type":"post","link":"https:\/\/mppee.gob.ve\/?p=98983","title":{"rendered":"CELAC debe avanzar unida para consolidar transici\u00f3n energ\u00e9tica"},"content":{"rendered":"\n<p><strong>Bogot\u00e1, Colombia.- <\/strong>La articulaci\u00f3n regional para posicionar a Am\u00e9rica Latina y el Caribe como una \u201cfuente de soluciones\u201d en el camino hacia la transici\u00f3n energ\u00e9tica fue el llamado del Banco de Desarrollo de Am\u00e9rica Latina y el Caribe (CAF) a las delegaciones participantes en la VII Reuni\u00f3n de Ministros y Ministras de Energ\u00eda de la Comunidad de Estados Latinoamericanos y Caribe\u00f1os (CELAC), que se realiza en Colombia.<\/p>\n\n\n\n<p>Al respecto, Rodrigo Pe\u00f1ailillo, representante del CAF en Colombia, destac\u00f3 la necesidad de establecer puentes que permitan materializar las transformaciones que exige el futuro del planeta, especialmente en proyectos de energ\u00eda limpia.<\/p>\n\n\n\n<p>Si bien se han registrado avances en las matrices energ\u00e9ticas, Pe\u00f1ailillo advirti\u00f3 que resultan insuficientes frente a las metas trazadas para el a\u00f1o 2050. Citando cifras de la banca multilateral, se\u00f1al\u00f3 que entre 2015 y 2022 la regi\u00f3n aument\u00f3 su capacidad renovable en 51%. Sin embargo, con una demanda el\u00e9ctrica anual proyectada en 2,3% hasta 2050, urge acelerar el ritmo.<\/p>\n\n\n\n<p>\u201cSin cambios significativos en las matrices energ\u00e9ticas y en los planes de expansi\u00f3n, Am\u00e9rica Latina y el Caribe no alcanzar\u00e1n el objetivo de cero emisiones netas para el a\u00f1o 2050\u201d, precis\u00f3.<\/p>\n\n\n\n<p>De acuerdo con estimaciones de la Organizaci\u00f3n Latinoamericana de Energ\u00eda (OLADE), se requieren inversiones adicionales superiores a los 155 mil millones de d\u00f3lares hasta 2050 para cumplir con los objetivos de la transici\u00f3n energ\u00e9tica bajo el escenario de la descarbonizaci\u00f3n.<\/p>\n\n\n\n<p>Ante este panorama, Pe\u00f1ailillo reiter\u00f3 la urgencia de dise\u00f1ar mecanismos de financiamiento innovadores que permitan enfrentar el d\u00e9ficit actual y las necesidades futuras.<\/p>\n\n\n\n<p>En este sentido, con una visi\u00f3n de desarrollo colectivo, m\u00e1s del 40% de las aprobaciones del CAF est\u00e1n destinadas a proyectos verdes.<\/p>\n\n\n\n<p>Asimismo, la Plataforma de Financiamiento Clim\u00e1tico implementa l\u00edneas de cr\u00e9dito para empresas p\u00fablicas y privadas, que \u201cpueden ser usadas para acompa\u00f1ar emisiones de bonos, garant\u00edas o pr\u00e9stamos\u201d.<\/p>\n\n\n\n<p>El representante del CAF recalc\u00f3 que \u201cning\u00fan actor por s\u00ed solo podr\u00e1 responder a la urgencia y complejidad de esta transici\u00f3n\u201d, por lo que resulta imprescindible forjar alianzas que impulsen proyectos adaptados a la realidad del planeta.<\/p>\n\n\n\n<p><strong>Prensa MPPEE &#8211; CORPOELEC <\/strong><\/p>\n","protected":false},"excerpt":{"rendered":"<p>Bogot\u00e1, Colombia.- La articulaci\u00f3n regional para posicionar a Am\u00e9rica Latina y el Caribe como una \u201cfuente de soluciones\u201d en el<\/p>\n","protected":false},"author":24,"featured_media":99083,"comment_status":"closed","ping_status":"closed","sticky":false,"template":"","format":"standard","meta":{"footnotes":""},"categories":[1],"tags":[3182,3173,2781,3174],"class_list":["post-98983","post","type-post","status-publish","format-standard","has-post-thumbnail","hentry","category-mppee","tag-caf","tag-celac","tag-energia","tag-transicion-energetica"],"_links":{"self":[{"href":"https:\/\/mppee.gob.ve\/index.php?rest_route=\/wp\/v2\/posts\/98983","targetHints":{"allow":["GET"]}}],"collection":[{"href":"https:\/\/mppee.gob.ve\/index.php?rest_route=\/wp\/v2\/posts"}],"about":[{"href":"https:\/\/mppee.gob.ve\/index.php?rest_route=\/wp\/v2\/types\/post"}],"author":[{"embeddable":true,"href":"https:\/\/mppee.gob.ve\/index.php?rest_route=\/wp\/v2\/users\/24"}],"replies":[{"embeddable":true,"href":"https:\/\/mppee.gob.ve\/index.php?rest_route=%2Fwp%2Fv2%2Fcomments&post=98983"}],"version-history":[{"count":1,"href":"https:\/\/mppee.gob.ve\/index.php?rest_route=\/wp\/v2\/posts\/98983\/revisions"}],"predecessor-version":[{"id":99084,"href":"https:\/\/mppee.gob.ve\/index.php?rest_route=\/wp\/v2\/posts\/98983\/revisions\/99084"}],"wp:featuredmedia":[{"embeddable":true,"href":"https:\/\/mppee.gob.ve\/index.php?rest_route=\/wp\/v2\/media\/99083"}],"wp:attachment":[{"href":"https:\/\/mppee.gob.ve\/index.php?rest_route=%2Fwp%2Fv2%2Fmedia&parent=98983"}],"wp:term":[{"taxonomy":"category","embeddable":true,"href":"https:\/\/mppee.gob.ve\/index.php?rest_route=%2Fwp%2Fv2%2Fcategories&post=98983"},{"taxonomy":"post_tag","embeddable":true,"href":"https:\/\/mppee.gob.ve\/index.php?rest_route=%2Fwp%2Fv2%2Ftags&post=98983"}],"curies":[{"name":"wp","href":"https:\/\/api.w.org\/{rel}","templated":true}]}}