{"id":98986,"date":"2025-07-23T20:35:01","date_gmt":"2025-07-23T20:35:01","guid":{"rendered":"http:\/\/mppee.gob.ve\/?p=98986"},"modified":"2025-07-25T18:59:33","modified_gmt":"2025-07-25T18:59:33","slug":"en-claves-conclusiones-de-la-vii-reunion-ministerial-de-energia-de-la-celac","status":"publish","type":"post","link":"https:\/\/mppee.gob.ve\/?p=98986","title":{"rendered":"En Claves | Conclusiones de la VII Reuni\u00f3n Ministerial de Energ\u00eda de la CELAC"},"content":{"rendered":"\n<p><strong>Bogot\u00e1, Colombia.\u2013 <\/strong>El di\u00e1logo pol\u00edtico sostenido durante la <a href=\"http:\/\/mppee.gob.ve\/?p=98897\" data-type=\"link\" data-id=\"http:\/\/mppee.gob.ve\/?p=98897\">VII Reuni\u00f3n de Ministros y Ministras de Energ\u00eda<\/a> de la Comunidad de Estados Latinoamericanos y Caribe\u00f1os (CELAC), celebrada los d\u00edas 22 y 23 de julio, traz\u00f3 l\u00edneas de acci\u00f3n estrat\u00e9gicas orientadas a respaldar una transici\u00f3n energ\u00e9tica justa con impacto directo sobre los \u00e1mbitos pol\u00edtico y social de la regi\u00f3n.<\/p>\n\n\n\n<p>\u201cLa transici\u00f3n energ\u00e9tica no puede ser una nueva forma de colonizaci\u00f3n verde; no puede basarse en la extracci\u00f3n acelerada de minerales para abastecer a los centros industriales del mundo, sin transformar las condiciones de vida de nuestras comunidades\u201d, puntualiz\u00f3 el ministro de Minas y Energ\u00eda de Colombia, Edwin Palma.<\/p>\n\n\n\n<p>Entre los acuerdos suscritos por el bloque regional destaca el impulso del Plan de Interconexi\u00f3n El\u00e9ctrica, que establece las bases para el intercambio energ\u00e9tico y el fortalecimiento de mercados resilientes. \u201cEstamos dando pasos firmes para la interconexi\u00f3n desde Colombia\u201d, afirm\u00f3 Palma.<\/p>\n\n\n\n<p>Asimismo, la reciprocidad de experiencias entre las delegaciones allan\u00f3 el camino para la pronta creaci\u00f3n del Tratado de Integraci\u00f3n Energ\u00e9tica Regional para Am\u00e9rica Latina y el Caribe, que permitir\u00e1 avanzar en acuerdos entre naciones.<\/p>\n\n\n\n<p>A continuaci\u00f3n, los elementos clave de las conclusiones de la VII Reuni\u00f3n Ministerial:<\/p>\n\n\n\n<ul class=\"wp-block-list\">\n<li>CELAC debe evolucionar de foro de di\u00e1logo a plataforma de acci\u00f3n colectiva, evitando una \u201ccolonizaci\u00f3n verde\u201d.<\/li>\n\n\n\n<li>La transici\u00f3n energ\u00e9tica debe beneficiar a las comunidades locales, sin replicar el modelo extractivista del petr\u00f3leo y el carb\u00f3n.<\/li>\n\n\n\n<li>Se propone una georreferenciaci\u00f3n de infraestructura energ\u00e9tica y el uso de datos especiales para un diagn\u00f3stico regional participativo.<\/li>\n\n\n\n<li>Se plantea la creaci\u00f3n del Fondo Regional para la Vida, destinado a financiar la transici\u00f3n energ\u00e9tica, especialmente en pa\u00edses afectados por bloqueos econ\u00f3micos.<\/li>\n\n\n\n<li>Se propone una alianza financiera latinoamericana y caribe\u00f1a, que movilice ahorros, inversi\u00f3n p\u00fablica y privada, y facilite el acceso a recursos globales.<\/li>\n\n\n\n<li>El financiamiento debe priorizar proyectos comunitarios, respetar los territorios, promover la soberan\u00eda tecnol\u00f3gica y convertirse en una herramienta democratizadora, no de concentraci\u00f3n.<\/li>\n\n\n\n<li>Finalmente, las delegaciones reafirmaron su rechazo a las medidas coercitivas unilaterales que limitan la cooperaci\u00f3n y el desarrollo econ\u00f3mico de los pueblos.<\/li>\n<\/ul>\n\n\n\n<p><strong>Prensa MPPEE \u2013 CORPOELEC \/ Kris Carrasco<\/strong><\/p>\n","protected":false},"excerpt":{"rendered":"<p>Bogot\u00e1, Colombia.\u2013 El di\u00e1logo pol\u00edtico sostenido durante la VII Reuni\u00f3n de Ministros y Ministras de Energ\u00eda de la Comunidad de<\/p>\n","protected":false},"author":24,"featured_media":99077,"comment_status":"closed","ping_status":"closed","sticky":false,"template":"","format":"standard","meta":{"footnotes":""},"categories":[1],"tags":[3173,2781,3177,3183],"class_list":["post-98986","post","type-post","status-publish","format-standard","has-post-thumbnail","hentry","category-mppee","tag-celac","tag-energia","tag-interconexion","tag-tratado-de-integracion"],"_links":{"self":[{"href":"https:\/\/mppee.gob.ve\/index.php?rest_route=\/wp\/v2\/posts\/98986","targetHints":{"allow":["GET"]}}],"collection":[{"href":"https:\/\/mppee.gob.ve\/index.php?rest_route=\/wp\/v2\/posts"}],"about":[{"href":"https:\/\/mppee.gob.ve\/index.php?rest_route=\/wp\/v2\/types\/post"}],"author":[{"embeddable":true,"href":"https:\/\/mppee.gob.ve\/index.php?rest_route=\/wp\/v2\/users\/24"}],"replies":[{"embeddable":true,"href":"https:\/\/mppee.gob.ve\/index.php?rest_route=%2Fwp%2Fv2%2Fcomments&post=98986"}],"version-history":[{"count":1,"href":"https:\/\/mppee.gob.ve\/index.php?rest_route=\/wp\/v2\/posts\/98986\/revisions"}],"predecessor-version":[{"id":99078,"href":"https:\/\/mppee.gob.ve\/index.php?rest_route=\/wp\/v2\/posts\/98986\/revisions\/99078"}],"wp:featuredmedia":[{"embeddable":true,"href":"https:\/\/mppee.gob.ve\/index.php?rest_route=\/wp\/v2\/media\/99077"}],"wp:attachment":[{"href":"https:\/\/mppee.gob.ve\/index.php?rest_route=%2Fwp%2Fv2%2Fmedia&parent=98986"}],"wp:term":[{"taxonomy":"category","embeddable":true,"href":"https:\/\/mppee.gob.ve\/index.php?rest_route=%2Fwp%2Fv2%2Fcategories&post=98986"},{"taxonomy":"post_tag","embeddable":true,"href":"https:\/\/mppee.gob.ve\/index.php?rest_route=%2Fwp%2Fv2%2Ftags&post=98986"}],"curies":[{"name":"wp","href":"https:\/\/api.w.org\/{rel}","templated":true}]}}