{"id":98989,"date":"2025-07-23T21:39:09","date_gmt":"2025-07-23T21:39:09","guid":{"rendered":"http:\/\/mppee.gob.ve\/?p=98989"},"modified":"2025-07-25T18:58:40","modified_gmt":"2025-07-25T18:58:40","slug":"petro-en-la-celac-la-transicion-energetica-no-es-un-tema-tecnico-es-un-tema-politico","status":"publish","type":"post","link":"https:\/\/mppee.gob.ve\/?p=98989","title":{"rendered":"Petro en la CELAC: La transici\u00f3n energ\u00e9tica no es un tema t\u00e9cnico, es un tema pol\u00edtico"},"content":{"rendered":"\n<p><strong>Bogot\u00e1, Colombia.-<\/strong> Durante su participaci\u00f3n en la <a href=\"http:\/\/mppee.gob.ve\/?p=98897\" data-type=\"link\" data-id=\"http:\/\/mppee.gob.ve\/?p=98897\">VII Reuni\u00f3n de Ministros y Ministras de Energ\u00eda<\/a> de la Comunidad de Estados Latinoamericanos y Caribe\u00f1os (CELAC), que se realiza durante dos d\u00edas en Bogot\u00e1, el presidente de Colombia Gustavo Petro, afirm\u00f3 que la transici\u00f3n a nuevas formas de energ\u00edas limpias, que puedan llevar adem\u00e1s a la descarbonizaci\u00f3n van ligadas intr\u00ednsecamente a una din\u00e1mica global de poder.<\/p>\n\n\n\n<p>\u00abLa energ\u00eda tiene una serie de velocidades y que una parte de la pol\u00edtica p\u00fablica en el mundo consiste en el c\u00f3mo esas velocidades pueden coordinarse con la velocidad de la vida y este es el punto central de la discusi\u00f3n (\u2026) por eso esto no es un tema t\u00e9cnico, es pol\u00edtico\u00bb.<\/p>\n\n\n\n<p>Plante\u00f3 desde este punto, que viendo la b\u00fasqueda de Europa hacia nuevas energ\u00edas para migrar del carb\u00f3n a la energ\u00eda f\u00f3sil y probar m\u00e1s tarde en el campo de la energ\u00eda nuclear encontr\u00e1ndose con su complejidad tecnol\u00f3gica y los riesgos que implica su uso, Am\u00e9rica Latina puede convertirse en la ruta limpia para un planeta m\u00e1s sostenible.<\/p>\n\n\n\n<p>\u00abCreo que eso debemos tratar de implementarlo aqu\u00ed en el tema de energ\u00eda de Am\u00e9rica Latina, porque igual que la Uni\u00f3n Europea nace de un acuerdo energ\u00e9tico f\u00f3sil, nosotros podemos nacer de un acuerdo energ\u00e9tico limpio y creo que aqu\u00ed empieza a volverse un poco interesante nuestro papel en el mundo, el papel de Am\u00e9rica Latina y el Caribe en el mundo, no en s\u00ed mismo\u00bb.<\/p>\n\n\n\n<p>El mandatario colombiano afirm\u00f3 que no hay una transici\u00f3n verdadera si los componentes qu\u00edmicos como la \u00abC\u00bb del carb\u00f3n siguen presentes en las energ\u00edas que se utilicen.<\/p>\n\n\n\n<p>\u00abLa transici\u00f3n energ\u00e9tica es quitar C, no es ministros y ministras al lado del \u00abC\u00bb entonces para adornar el discurso, poner energ\u00eda limpia o suced\u00e1neos de la energ\u00eda limpia que tienen el \u00abC\u00bb porque eso s\u00ed es como los comerciales enga\u00f1osos vendo verde, verde, verde. La vida subordinada al \u00abC\u00bb del poder\u00bb.<\/p>\n\n\n\n<p>Gustavo Petro, reflexion\u00f3 acerca de lo vital que resulta tomar las decisiones correctas para llegar a acuerdos que sumen frente a la urgencia de nuevas energ\u00edas y dejar atr\u00e1s las contaminantes.<\/p>\n\n\n\n<p><strong>Las bombas en Gaza se fabrican con \u00abC\u00bb<\/strong><\/p>\n\n\n\n<p>En una reflexi\u00f3n acerca de la violencia en la Franja de Gaza, el presidente Petro se\u00f1al\u00f3 que las bombas acaban con vidas inocentes frente a la mirada complaciente de organismos y naciones. Estos instrumentos que devastan todo a su paso est\u00e1n compuestos principalmente de carb\u00f3n. Destac\u00f3 que seg\u00fan datos aportados por la relatora especial de Naciones Unidas, Francesca Albanese, 60% de ese carb\u00f3n proviene de Colombia.<\/p>\n\n\n\n<p>\u00ab\u00bfCon qu\u00e9 se hacen las bombas que se tiran en Gaza? Que matan a ni\u00f1os en Gaza una serie de qu\u00edmicos incluso investigando si son radioactivos, que est\u00e1n prohibidos (\u2026) La mayor parte de la bomba se llama carb\u00f3n, las bombas son bombas \u00abC\u00bb y de donde salen las bombas \u00abC\u00bb de Israel que tira sobre Gaza (\u2026) Hay un porcentaje dijo la se\u00f1ora Francesca Albanese (\u2026) 60% vienen de Colombia\u00bb.<\/p>\n\n\n\n<p>Desde esta tribuna denunci\u00f3 que a pesar de los esfuerzos de Colombia por evitar el traslado de carb\u00f3n para evitar contribuir con la producci\u00f3n de bombas, esto se ha visto frustrado por algunas acciones que se han ejecutado sin su consentimiento desde su gobierno.<\/p>\n\n\n\n<p>\u00abYo quiero saber qu\u00e9 hacemos con Glencore (empresa Suiza) que est\u00e1 llevando el carb\u00f3n colombiano por barco y est\u00e1n haciendo las bombas \u00abC\u00bb con el carb\u00f3n colombiano.<\/p>\n\n\n\n<p>Cuando el Presidente decret\u00f3 que no o sea el presidente de Colombia no tiene poder, soy un cascar\u00f3n aqu\u00ed, un t\u00edtere, un teatro que llaman pol\u00edtica y la pol\u00edtica real, es decir el poder, est\u00e1 en otro lado\u00bb.<\/p>\n\n\n\n<p><strong>Prensa MPPEE-CORPOELEC<\/strong><\/p>\n","protected":false},"excerpt":{"rendered":"<p>Bogot\u00e1, Colombia.- Durante su participaci\u00f3n en la VII Reuni\u00f3n de Ministros y Ministras de Energ\u00eda de la Comunidad de Estados<\/p>\n","protected":false},"author":24,"featured_media":99073,"comment_status":"closed","ping_status":"closed","sticky":false,"template":"","format":"standard","meta":{"footnotes":""},"categories":[1],"tags":[3173,3157,2781,3160],"class_list":["post-98989","post","type-post","status-publish","format-standard","has-post-thumbnail","hentry","category-mppee","tag-celac","tag-colombia","tag-energia","tag-gustavo-petro"],"_links":{"self":[{"href":"https:\/\/mppee.gob.ve\/index.php?rest_route=\/wp\/v2\/posts\/98989","targetHints":{"allow":["GET"]}}],"collection":[{"href":"https:\/\/mppee.gob.ve\/index.php?rest_route=\/wp\/v2\/posts"}],"about":[{"href":"https:\/\/mppee.gob.ve\/index.php?rest_route=\/wp\/v2\/types\/post"}],"author":[{"embeddable":true,"href":"https:\/\/mppee.gob.ve\/index.php?rest_route=\/wp\/v2\/users\/24"}],"replies":[{"embeddable":true,"href":"https:\/\/mppee.gob.ve\/index.php?rest_route=%2Fwp%2Fv2%2Fcomments&post=98989"}],"version-history":[{"count":1,"href":"https:\/\/mppee.gob.ve\/index.php?rest_route=\/wp\/v2\/posts\/98989\/revisions"}],"predecessor-version":[{"id":99074,"href":"https:\/\/mppee.gob.ve\/index.php?rest_route=\/wp\/v2\/posts\/98989\/revisions\/99074"}],"wp:featuredmedia":[{"embeddable":true,"href":"https:\/\/mppee.gob.ve\/index.php?rest_route=\/wp\/v2\/media\/99073"}],"wp:attachment":[{"href":"https:\/\/mppee.gob.ve\/index.php?rest_route=%2Fwp%2Fv2%2Fmedia&parent=98989"}],"wp:term":[{"taxonomy":"category","embeddable":true,"href":"https:\/\/mppee.gob.ve\/index.php?rest_route=%2Fwp%2Fv2%2Fcategories&post=98989"},{"taxonomy":"post_tag","embeddable":true,"href":"https:\/\/mppee.gob.ve\/index.php?rest_route=%2Fwp%2Fv2%2Ftags&post=98989"}],"curies":[{"name":"wp","href":"https:\/\/api.w.org\/{rel}","templated":true}]}}