{"id":98995,"date":"2025-07-23T21:44:11","date_gmt":"2025-07-23T21:44:11","guid":{"rendered":"http:\/\/mppee.gob.ve\/?p=98995"},"modified":"2025-07-25T18:56:50","modified_gmt":"2025-07-25T18:56:50","slug":"tratados-internacionales-deben-ser-resilientes-a-cambios-politicos","status":"publish","type":"post","link":"https:\/\/mppee.gob.ve\/?p=98995","title":{"rendered":"Tratados internacionales deben ser resilientes a cambios pol\u00edticos"},"content":{"rendered":"\n<p><strong>Bogot\u00e1, Colombia.-<\/strong> Durante su intervenci\u00f3n en la <a href=\"http:\/\/mppee.gob.ve\/?p=98897\" data-type=\"link\" data-id=\"http:\/\/mppee.gob.ve\/?p=98897\">VII Cumbre de Ministros y Ministras de Energ\u00eda<\/a> de la Comunidad de Estados Latinoamericanos y Caribe\u00f1os (CELAC) el presidente de la Rep\u00fablica de Colombia, Gustavo Petro, se refiri\u00f3 a la necesidad de concretar acuerdos internacionales inquebrantables ante cambios de gobierno.<\/p>\n\n\n\n<p>Sobre este punto, Petro inquiri\u00f3 en que las alianzas establecidas entre naciones deben perdurar m\u00e1s all\u00e1 de las coyunturas pol\u00edticas e hizo menci\u00f3n especial al caso de las relaciones colombo \u2013 venezolanas.<\/p>\n\n\n\n<p>\u00abLos tratados internacionales, por cierto, esto tiene que ver con el tema venezolano, tienen que hacerse de tal manera que sean resilientes a los cambios pol\u00edticos coyunturales, -para que- perduren\u00bb, insisti\u00f3.<\/p>\n\n\n\n<p>Caracas y Bogot\u00e1 firmaron recientemente un memor\u00e1ndum de entendimiento para constituir la primera zona econ\u00f3mica de paz, uni\u00f3n y desarrollo binacional.<\/p>\n\n\n\n<p>Esta iniciativa abre nuevos caminos en la relaci\u00f3n de ambos pa\u00edses y busca promover el crecimiento de \u00e1reas vitales como la interconexi\u00f3n energ\u00e9tica, el comercio, la industria y el turismo para garantizar la protecci\u00f3n del pueblo.<\/p>\n\n\n\n<p><strong>Prensa MPPEE &#8211; CORPOELEC<\/strong><\/p>\n","protected":false},"excerpt":{"rendered":"<p>Bogot\u00e1, Colombia.- Durante su intervenci\u00f3n en la VII Cumbre de Ministros y Ministras de Energ\u00eda de la Comunidad de Estados<\/p>\n","protected":false},"author":24,"featured_media":99069,"comment_status":"closed","ping_status":"closed","sticky":false,"template":"","format":"standard","meta":{"footnotes":""},"categories":[1],"tags":[3173,2781,3160],"class_list":["post-98995","post","type-post","status-publish","format-standard","has-post-thumbnail","hentry","category-mppee","tag-celac","tag-energia","tag-gustavo-petro"],"_links":{"self":[{"href":"https:\/\/mppee.gob.ve\/index.php?rest_route=\/wp\/v2\/posts\/98995","targetHints":{"allow":["GET"]}}],"collection":[{"href":"https:\/\/mppee.gob.ve\/index.php?rest_route=\/wp\/v2\/posts"}],"about":[{"href":"https:\/\/mppee.gob.ve\/index.php?rest_route=\/wp\/v2\/types\/post"}],"author":[{"embeddable":true,"href":"https:\/\/mppee.gob.ve\/index.php?rest_route=\/wp\/v2\/users\/24"}],"replies":[{"embeddable":true,"href":"https:\/\/mppee.gob.ve\/index.php?rest_route=%2Fwp%2Fv2%2Fcomments&post=98995"}],"version-history":[{"count":1,"href":"https:\/\/mppee.gob.ve\/index.php?rest_route=\/wp\/v2\/posts\/98995\/revisions"}],"predecessor-version":[{"id":99070,"href":"https:\/\/mppee.gob.ve\/index.php?rest_route=\/wp\/v2\/posts\/98995\/revisions\/99070"}],"wp:featuredmedia":[{"embeddable":true,"href":"https:\/\/mppee.gob.ve\/index.php?rest_route=\/wp\/v2\/media\/99069"}],"wp:attachment":[{"href":"https:\/\/mppee.gob.ve\/index.php?rest_route=%2Fwp%2Fv2%2Fmedia&parent=98995"}],"wp:term":[{"taxonomy":"category","embeddable":true,"href":"https:\/\/mppee.gob.ve\/index.php?rest_route=%2Fwp%2Fv2%2Fcategories&post=98995"},{"taxonomy":"post_tag","embeddable":true,"href":"https:\/\/mppee.gob.ve\/index.php?rest_route=%2Fwp%2Fv2%2Ftags&post=98995"}],"curies":[{"name":"wp","href":"https:\/\/api.w.org\/{rel}","templated":true}]}}