{"id":99018,"date":"2025-07-24T19:46:42","date_gmt":"2025-07-24T19:46:42","guid":{"rendered":"http:\/\/mppee.gob.ve\/?p=99018"},"modified":"2025-07-25T18:49:15","modified_gmt":"2025-07-25T18:49:15","slug":"corpoelec-optimiza-el-servicio-electrico-en-las-comunidades-del-municipio-torres-de-lara","status":"publish","type":"post","link":"https:\/\/mppee.gob.ve\/?p=99018","title":{"rendered":"CORPOELEC optimiza el servicio el\u00e9ctrico en las comunidades del municipio Torres de Lara"},"content":{"rendered":"\n<p><strong>Carora estado Lara.- <\/strong>Con el prop\u00f3sito de mejorar significativamente el servicio el\u00e9ctrico en comunidades rurales, la  Corporaci\u00f3n El\u00e9ctrica Nacional (CORPOELEC) desarroll\u00f3 un despliegue operativo integral que beneficio a m\u00e1s de 4 mil residentes de las parroquias Lara, Mor\u00e1n, Torres y Cecilio Zubillaga, ubicadas en el municipio Torres del estado Lara.<\/p>\n\n\n\n<p>Los trabajos contemplados en el Plan de Fortalecimiento del Sistema El\u00e9ctrico, se enfocaron en los caser\u00edos El Fraile, Sabaneta y Jab\u00f3n, mediante la adecuaci\u00f3n del tendido de media tensi\u00f3n del circuito Jab\u00f3n, asociado a la Subestaci\u00f3n El\u00e9ctrica La Pastora.<\/p>\n\n\n\n<p>Entre las acciones m\u00e1s significativas ejecutadas por las cuadrillas de la estatal el\u00e9ctrica, se encuentran la adecuaci\u00f3n de vanos en media tensi\u00f3n trif\u00e1sica, sustituci\u00f3n de conductores, retensado de l\u00edneas, instalaci\u00f3n de aisladores, conectores, mallas y control de vegetaci\u00f3n en un tramo de dos kil\u00f3metros de corredores el\u00e9ctricos.<\/p>\n\n\n\n<p>Cristian Gonz\u00e1lez, habitante de El Fraile, expres\u00f3 su agradecimiento por la intervenci\u00f3n. <\/p>\n\n\n\n<p>\u00abLa asistencia t\u00e9cnica de las cuadrillas de CORPOELEC ha sido fundamental. Gracias a estos trabajos hemos visto fortalecido y normalizado el servicio el\u00e9ctrico en nuestras comunidades, lo que impacta positivamente en nuestras actividades diarias y productivas\u00bb, subray\u00f3.<\/p>\n\n\n\n<p><strong>Prensa MPPEE-CORPOELEC<\/strong><\/p>\n","protected":false},"excerpt":{"rendered":"<p>Carora estado Lara.- Con el prop\u00f3sito de mejorar significativamente el servicio el\u00e9ctrico en comunidades rurales, la Corporaci\u00f3n El\u00e9ctrica Nacional (CORPOELEC)<\/p>\n","protected":false},"author":22,"featured_media":99049,"comment_status":"closed","ping_status":"closed","sticky":false,"template":"","format":"standard","meta":{"footnotes":""},"categories":[30],"tags":[2691,2690,11,2744,46],"class_list":["post-99018","post","type-post","status-publish","format-standard","has-post-thumbnail","hentry","category-regionales","tag-corpoelec","tag-lara","tag-mppee","tag-sen","tag-venezuela"],"_links":{"self":[{"href":"https:\/\/mppee.gob.ve\/index.php?rest_route=\/wp\/v2\/posts\/99018","targetHints":{"allow":["GET"]}}],"collection":[{"href":"https:\/\/mppee.gob.ve\/index.php?rest_route=\/wp\/v2\/posts"}],"about":[{"href":"https:\/\/mppee.gob.ve\/index.php?rest_route=\/wp\/v2\/types\/post"}],"author":[{"embeddable":true,"href":"https:\/\/mppee.gob.ve\/index.php?rest_route=\/wp\/v2\/users\/22"}],"replies":[{"embeddable":true,"href":"https:\/\/mppee.gob.ve\/index.php?rest_route=%2Fwp%2Fv2%2Fcomments&post=99018"}],"version-history":[{"count":1,"href":"https:\/\/mppee.gob.ve\/index.php?rest_route=\/wp\/v2\/posts\/99018\/revisions"}],"predecessor-version":[{"id":99050,"href":"https:\/\/mppee.gob.ve\/index.php?rest_route=\/wp\/v2\/posts\/99018\/revisions\/99050"}],"wp:featuredmedia":[{"embeddable":true,"href":"https:\/\/mppee.gob.ve\/index.php?rest_route=\/wp\/v2\/media\/99049"}],"wp:attachment":[{"href":"https:\/\/mppee.gob.ve\/index.php?rest_route=%2Fwp%2Fv2%2Fmedia&parent=99018"}],"wp:term":[{"taxonomy":"category","embeddable":true,"href":"https:\/\/mppee.gob.ve\/index.php?rest_route=%2Fwp%2Fv2%2Fcategories&post=99018"},{"taxonomy":"post_tag","embeddable":true,"href":"https:\/\/mppee.gob.ve\/index.php?rest_route=%2Fwp%2Fv2%2Ftags&post=99018"}],"curies":[{"name":"wp","href":"https:\/\/api.w.org\/{rel}","templated":true}]}}