{"id":99028,"date":"2025-07-24T21:50:18","date_gmt":"2025-07-24T21:50:18","guid":{"rendered":"http:\/\/mppee.gob.ve\/?p=99028"},"modified":"2025-07-28T20:55:47","modified_gmt":"2025-07-28T20:55:47","slug":"intervencion-del-ministro-del-poder-popular-para-la-energia-electrica-jorge-marquez-en-la-vii-reunion-ministerial-de-energia-de-la-cela%d1%81","status":"publish","type":"post","link":"https:\/\/mppee.gob.ve\/?p=99028","title":{"rendered":"Intervenci\u00f3n del ministro del Poder Popular para la Energ\u00eda El\u00e9ctrica, Jorge M\u00e1rquez, en la VII Reuni\u00f3n Ministerial de Energ\u00eda de la CELA\u0421"},"content":{"rendered":"\n<p>Descargue aqu\u00ed el discurso \u00edntegro del ministro del Poder Popular para la Energ\u00eda El\u00e9ctrica, Jorge M\u00e1rquez, en la VII Reuni\u00f3n Ministerial de Energ\u00eda en el marco de la CELA\u0421.<\/p>\n\n\n\n<div data-wp-interactive=\"core\/file\" class=\"wp-block-file\"><object data-wp-bind--hidden=\"!state.hasPdfPreview\" hidden class=\"wp-block-file__embed\" data=\"https:\/\/mppee.gob.ve\/wp-content\/uploads\/2025\/07\/Intervencion-ante-la-Reunion-Ministerial-de-la-CELAC.pdf\" type=\"application\/pdf\" style=\"width:100%;height:600px\" aria-label=\"Incrustado de Intervenci\u00f3n ante la Reuni\u00f3n Ministerial de la CELAC.\"><\/object><a id=\"wp-block-file--media-5f26f928-46f3-41b6-acf3-7cfd6363ca93\" href=\"https:\/\/mppee.gob.ve\/wp-content\/uploads\/2025\/07\/Intervencion-ante-la-Reunion-Ministerial-de-la-CELAC.pdf\">Intervenci\u00f3n ante la Reuni\u00f3n Ministerial de la CELAC<\/a><a href=\"https:\/\/mppee.gob.ve\/wp-content\/uploads\/2025\/07\/Intervencion-ante-la-Reunion-Ministerial-de-la-CELAC.pdf\" class=\"wp-block-file__button wp-element-button\" download aria-describedby=\"wp-block-file--media-5f26f928-46f3-41b6-acf3-7cfd6363ca93\">Descarga<\/a><\/div>\n\n\n\n<p><\/p>\n","protected":false},"excerpt":{"rendered":"<p>Descargue aqu\u00ed el discurso \u00edntegro del ministro del Poder Popular para la Energ\u00eda El\u00e9ctrica, Jorge M\u00e1rquez, en la VII Reuni\u00f3n<\/p>\n","protected":false},"author":22,"featured_media":99041,"comment_status":"closed","ping_status":"closed","sticky":false,"template":"","format":"standard","meta":{"footnotes":""},"categories":[15],"tags":[3173,3157,11,2744,46],"class_list":["post-99028","post","type-post","status-publish","format-standard","has-post-thumbnail","hentry","category-nacionales","tag-celac","tag-colombia","tag-mppee","tag-sen","tag-venezuela"],"_links":{"self":[{"href":"https:\/\/mppee.gob.ve\/index.php?rest_route=\/wp\/v2\/posts\/99028","targetHints":{"allow":["GET"]}}],"collection":[{"href":"https:\/\/mppee.gob.ve\/index.php?rest_route=\/wp\/v2\/posts"}],"about":[{"href":"https:\/\/mppee.gob.ve\/index.php?rest_route=\/wp\/v2\/types\/post"}],"author":[{"embeddable":true,"href":"https:\/\/mppee.gob.ve\/index.php?rest_route=\/wp\/v2\/users\/22"}],"replies":[{"embeddable":true,"href":"https:\/\/mppee.gob.ve\/index.php?rest_route=%2Fwp%2Fv2%2Fcomments&post=99028"}],"version-history":[{"count":2,"href":"https:\/\/mppee.gob.ve\/index.php?rest_route=\/wp\/v2\/posts\/99028\/revisions"}],"predecessor-version":[{"id":99215,"href":"https:\/\/mppee.gob.ve\/index.php?rest_route=\/wp\/v2\/posts\/99028\/revisions\/99215"}],"wp:featuredmedia":[{"embeddable":true,"href":"https:\/\/mppee.gob.ve\/index.php?rest_route=\/wp\/v2\/media\/99041"}],"wp:attachment":[{"href":"https:\/\/mppee.gob.ve\/index.php?rest_route=%2Fwp%2Fv2%2Fmedia&parent=99028"}],"wp:term":[{"taxonomy":"category","embeddable":true,"href":"https:\/\/mppee.gob.ve\/index.php?rest_route=%2Fwp%2Fv2%2Fcategories&post=99028"},{"taxonomy":"post_tag","embeddable":true,"href":"https:\/\/mppee.gob.ve\/index.php?rest_route=%2Fwp%2Fv2%2Ftags&post=99028"}],"curies":[{"name":"wp","href":"https:\/\/api.w.org\/{rel}","templated":true}]}}