{"id":99100,"date":"2025-07-25T19:37:56","date_gmt":"2025-07-25T19:37:56","guid":{"rendered":"https:\/\/mppee.gob.ve\/?p=99100"},"modified":"2025-07-25T19:37:58","modified_gmt":"2025-07-25T19:37:58","slug":"corpoelec-ofrecera-jornadas-integrales-de-atencion-a-usuarios-mirandinos","status":"publish","type":"post","link":"https:\/\/mppee.gob.ve\/?p=99100","title":{"rendered":"CORPOELEC ofrecer\u00e1 jornadas integrales de atenci\u00f3n a usuarios mirandinos"},"content":{"rendered":"\n<p><strong>Estado Miranda.- <\/strong>Este s\u00e1bado 26 de julio, la Corporaci\u00f3n El\u00e9ctrica Nacional (CORPOELEC) activar\u00e1 Jornadas Integrales de Atenci\u00f3n al Usuario en los municipios Guaicaipuro, Los Salias y Plaza del estado Miranda.<\/p>\n\n\n\n<p>Los asistentes podr\u00e1n realizar actualizaci\u00f3n de datos, consulta de saldo, recibir asesor\u00eda sobre el servicio el\u00e9ctrico y pagar facturas, a trav\u00e9s de los puntos de ventas autorizados, en un horario comprendido desde las 9:00 de la ma\u00f1ana hasta las 2:00 de la tarde.<\/p>\n\n\n\n<p>Los centros de atenci\u00f3n disponibles durante las jornadas son:<\/p>\n\n\n\n<ul class=\"wp-block-list\">\n<li>Centro Comercial Libador, planta baja, casco central de Paracotos, en el municipio Guaicaipuro.<\/li>\n\n\n\n<li>Centro Comercial Luz El\u00e9ctrica, calle Miquil\u00e9n, piso 2, en el municipio Guaicaipuro.<\/li>\n\n\n\n<li>Centro Comercial Galer\u00edas Las Am\u00e9ricas, piso 1, carretera Panamericana, kil\u00f3metro 15, del municipio Los Salias.<\/li>\n\n\n\n<li>Sector El Republicano Guarenas, del municipio Plaza.<\/li>\n<\/ul>\n\n\n\n<p>Para m\u00e1s informaci\u00f3n sobre las Jornadas Integrales de Atenci\u00f3n al Usuario, puede consultar la cuenta\u00a0<a href=\"https:\/\/www.instagram.com\/corpoelecinfo\/\">@corpoelecinfo\u00a0<\/a>en Instagram o visitar la p\u00e1gina<a href=\"https:\/\/www.facebook.com\/Corpoelecinfo\">\u00a0Corpoelec Informa\u00a0<\/a>en Facebook.<\/p>\n\n\n\n<p><strong>Prensa MPPEE &#8211; CORPOELEC<\/strong><\/p>\n","protected":false},"excerpt":{"rendered":"<p>Estado Miranda.- Este s\u00e1bado 26 de julio, la Corporaci\u00f3n El\u00e9ctrica Nacional (CORPOELEC) activar\u00e1 Jornadas Integrales de Atenci\u00f3n al Usuario en<\/p>\n","protected":false},"author":24,"featured_media":98781,"comment_status":"closed","ping_status":"closed","sticky":false,"template":"","format":"standard","meta":{"footnotes":""},"categories":[30],"tags":[2691,2830,3093,2709,3186],"class_list":["post-99100","post","type-post","status-publish","format-standard","has-post-thumbnail","hentry","category-regionales","tag-corpoelec","tag-guaicaipuro","tag-los-salias","tag-miranda","tag-plaza"],"_links":{"self":[{"href":"https:\/\/mppee.gob.ve\/index.php?rest_route=\/wp\/v2\/posts\/99100","targetHints":{"allow":["GET"]}}],"collection":[{"href":"https:\/\/mppee.gob.ve\/index.php?rest_route=\/wp\/v2\/posts"}],"about":[{"href":"https:\/\/mppee.gob.ve\/index.php?rest_route=\/wp\/v2\/types\/post"}],"author":[{"embeddable":true,"href":"https:\/\/mppee.gob.ve\/index.php?rest_route=\/wp\/v2\/users\/24"}],"replies":[{"embeddable":true,"href":"https:\/\/mppee.gob.ve\/index.php?rest_route=%2Fwp%2Fv2%2Fcomments&post=99100"}],"version-history":[{"count":1,"href":"https:\/\/mppee.gob.ve\/index.php?rest_route=\/wp\/v2\/posts\/99100\/revisions"}],"predecessor-version":[{"id":99101,"href":"https:\/\/mppee.gob.ve\/index.php?rest_route=\/wp\/v2\/posts\/99100\/revisions\/99101"}],"wp:featuredmedia":[{"embeddable":true,"href":"https:\/\/mppee.gob.ve\/index.php?rest_route=\/wp\/v2\/media\/98781"}],"wp:attachment":[{"href":"https:\/\/mppee.gob.ve\/index.php?rest_route=%2Fwp%2Fv2%2Fmedia&parent=99100"}],"wp:term":[{"taxonomy":"category","embeddable":true,"href":"https:\/\/mppee.gob.ve\/index.php?rest_route=%2Fwp%2Fv2%2Fcategories&post=99100"},{"taxonomy":"post_tag","embeddable":true,"href":"https:\/\/mppee.gob.ve\/index.php?rest_route=%2Fwp%2Fv2%2Ftags&post=99100"}],"curies":[{"name":"wp","href":"https:\/\/api.w.org\/{rel}","templated":true}]}}