{"id":99107,"date":"2025-07-25T20:38:03","date_gmt":"2025-07-25T20:38:03","guid":{"rendered":"https:\/\/mppee.gob.ve\/?p=99107"},"modified":"2025-07-25T20:38:04","modified_gmt":"2025-07-25T20:38:04","slug":"apurenos-recibiran-atencion-integral-este-sabado","status":"publish","type":"post","link":"https:\/\/mppee.gob.ve\/?p=99107","title":{"rendered":"Apure\u00f1os recibir\u00e1n atenci\u00f3n integral este s\u00e1bado"},"content":{"rendered":"\n<p>\u200e<br><strong>Estado Apure.-<\/strong> Este s\u00e1bado 26 de julio, la <a href=\"https:\/\/www.instagram.com\/corpoelecinfo\/\" data-type=\"link\" data-id=\"https:\/\/www.instagram.com\/corpoelecinfo\/\">Corporaci\u00f3n El\u00e9ctrica Nacional (CORPOELEC)<\/a> brindar\u00e1 asesor\u00eda personalizada a usuarios comerciales y residenciales de seis municipios del estado Apure.<\/p>\n\n\n\n<p>El despliegue facilitar\u00e1 el pago de facturas, la actualizaci\u00f3n de datos, la verificaci\u00f3n de conexiones y la orientaci\u00f3n relacionada a otros tr\u00e1mites del servicio de energ\u00eda.<\/p>\n\n\n\n<p>El horario de atenci\u00f3n ser\u00e1 de 8:00 de la ma\u00f1ana hasta las 2:00 de la tarde en las siguientes direcciones:<\/p>\n\n\n\n<ul class=\"wp-block-list\">\n<li>Avenida Carabobo, esquina del comercio El Castillo, municipio San Fernando.<\/li>\n\n\n\n<li>\u200eUrbanizaci\u00f3n Llano Alto, municipio Biruaca.<\/li>\n\n\n\n<li>Urbanizaci\u00f3n El Nazareno, municipio Achaguas.<\/li>\n\n\n\n<li>\u200eSector El Aeropuerto, municipio Mu\u00f1oz.<\/li>\n\n\n\n<li>Centro Integral de Atenci\u00f3n al Usuario (CIAU) Elorza, sector Centro, municipio R\u00f3mulo Gallegos.<\/li>\n\n\n\n<li>Avenida Miranda, Barra Vieja, urbanizaci\u00f3n Francisco de Miranda; El Nula, sector Centro, avenida San Camilo y sector Bol\u00edvar de las parroquias Guasdualito y San Camilo, en el municipio P\u00e1ez.<br><\/li>\n<\/ul>\n\n\n\n<p>\u200ePara m\u00e1s informaci\u00f3n sobre las Jornadas Integrales de Atenci\u00f3n al Usuario, puede consultar la cuenta\u00a0<a href=\"https:\/\/www.instagram.com\/corpoelecinfo\/\">@corpoelecinfo\u00a0<\/a>en Instagram o visitar la p\u00e1gina<a href=\"https:\/\/www.facebook.com\/Corpoelecinfo\">\u00a0Corpoelec Informa\u00a0<\/a>en Facebook.<\/p>\n\n\n\n<p><strong>Prensa MPPEE \u2013 CORPOELEC<\/strong><\/p>\n\n\n\n<p><\/p>\n","protected":false},"excerpt":{"rendered":"<p>\u200eEstado Apure.- Este s\u00e1bado 26 de julio, la Corporaci\u00f3n El\u00e9ctrica Nacional (CORPOELEC) brindar\u00e1 asesor\u00eda personalizada a usuarios comerciales y residenciales<\/p>\n","protected":false},"author":24,"featured_media":98317,"comment_status":"closed","ping_status":"closed","sticky":false,"template":"","format":"standard","meta":{"footnotes":""},"categories":[30],"tags":[2722,2758,2769],"class_list":["post-99107","post","type-post","status-publish","format-standard","has-post-thumbnail","hentry","category-regionales","tag-apure","tag-atencion","tag-usuario"],"_links":{"self":[{"href":"https:\/\/mppee.gob.ve\/index.php?rest_route=\/wp\/v2\/posts\/99107","targetHints":{"allow":["GET"]}}],"collection":[{"href":"https:\/\/mppee.gob.ve\/index.php?rest_route=\/wp\/v2\/posts"}],"about":[{"href":"https:\/\/mppee.gob.ve\/index.php?rest_route=\/wp\/v2\/types\/post"}],"author":[{"embeddable":true,"href":"https:\/\/mppee.gob.ve\/index.php?rest_route=\/wp\/v2\/users\/24"}],"replies":[{"embeddable":true,"href":"https:\/\/mppee.gob.ve\/index.php?rest_route=%2Fwp%2Fv2%2Fcomments&post=99107"}],"version-history":[{"count":1,"href":"https:\/\/mppee.gob.ve\/index.php?rest_route=\/wp\/v2\/posts\/99107\/revisions"}],"predecessor-version":[{"id":99108,"href":"https:\/\/mppee.gob.ve\/index.php?rest_route=\/wp\/v2\/posts\/99107\/revisions\/99108"}],"wp:featuredmedia":[{"embeddable":true,"href":"https:\/\/mppee.gob.ve\/index.php?rest_route=\/wp\/v2\/media\/98317"}],"wp:attachment":[{"href":"https:\/\/mppee.gob.ve\/index.php?rest_route=%2Fwp%2Fv2%2Fmedia&parent=99107"}],"wp:term":[{"taxonomy":"category","embeddable":true,"href":"https:\/\/mppee.gob.ve\/index.php?rest_route=%2Fwp%2Fv2%2Fcategories&post=99107"},{"taxonomy":"post_tag","embeddable":true,"href":"https:\/\/mppee.gob.ve\/index.php?rest_route=%2Fwp%2Fv2%2Ftags&post=99107"}],"curies":[{"name":"wp","href":"https:\/\/api.w.org\/{rel}","templated":true}]}}