{"id":99113,"date":"2025-07-25T21:27:28","date_gmt":"2025-07-25T21:27:28","guid":{"rendered":"https:\/\/mppee.gob.ve\/?p=99113"},"modified":"2025-07-25T21:49:22","modified_gmt":"2025-07-25T21:49:22","slug":"despliegan-atencion-integral-para-usuarios-carabobenos-informacion","status":"publish","type":"post","link":"https:\/\/mppee.gob.ve\/?p=99113","title":{"rendered":"Despliegan atenci\u00f3n integral para usuarios carabobe\u00f1os (+ Detalles)"},"content":{"rendered":"\n<p><strong>Estado Carabobo.-<\/strong> Corporaci\u00f3n El\u00e9ctrica Nacional se desplegar\u00e1 este s\u00e1bado 26 de julio en los 14 municipios del estado Carabobo, con el prop\u00f3sito de brindar atenci\u00f3n a los usuarios comerciales y residenciales del servicio el\u00e9ctrico.<\/p>\n\n\n\n<p>La jornada, que se desarrollar\u00e1 entre las 8:00\u202fde la ma\u00f1ana y la 1:00de la tarde, contempla actualizaci\u00f3n de datos, notificaci\u00f3n de deuda, recepci\u00f3n de reclamos, verificaci\u00f3n de conexiones, asesor\u00eda sobre pago v\u00eda Banca en L\u00ednea y cancelaci\u00f3n de facturas mediante puntos de venta.<\/p>\n\n\n\n<p>Los puntos de atenci\u00f3n al usuario estar\u00e1n ubicados en:<\/p>\n\n\n\n<ul class=\"wp-block-list\">\n<li><strong>Municipio Montalb\u00e1n<\/strong><\/li>\n<\/ul>\n\n\n\n<p>Avenida Piar, cruce con calle Rivas, sector Jos\u00e9 Andr\u00e9s Castillo (Stand).<\/p>\n\n\n\n<ul class=\"wp-block-list\">\n<li><strong>Municipio Libertador<\/strong><\/li>\n<\/ul>\n\n\n\n<p>Mercado de Mayoristas, Tocuyito (Stand).<\/p>\n\n\n\n<ul class=\"wp-block-list\">\n<li><strong>Municipio Carlos Arvelo<\/strong><\/li>\n<\/ul>\n\n\n\n<p>CIAU Central Tacarigua. Calle El Progreso, sede Nro. 45, diagonal a la Guardia Nacional Bolivariana, parroquia Tacarigua.<\/p>\n\n\n\n<p>CIAU G\u00fcig\u00fce. Edificio Elsimar, calle Arvelo, No. 40, locales A y B, parroquia G\u00fcig\u00fce.<\/p>\n\n\n\n<ul class=\"wp-block-list\">\n<li><strong>Municipio Guacara<\/strong><\/li>\n<\/ul>\n\n\n\n<p>CIAU Alianza Mall. Centro Comercial Alianza Mall, sector El Nepe,&nbsp;&nbsp;local A-21, entrada de la Urb. Ciudad Alianza.<\/p>\n\n\n\n<p>CIAU Guacara, ubicado en el local n\u00famero 44, avenida Bol\u00edvar, cruce con calle Brice\u00f1o M\u00e9ndez, parroquia Diego Ibarra, municipio Guacara.<\/p>\n\n\n\n<ul class=\"wp-block-list\">\n<li><strong>Municipio Diego Ibarra<\/strong><\/li>\n<\/ul>\n\n\n\n<p>Avenida San Diego de Tovar, Barrio 19 de Abril, parroquia Mariara (Stand).<\/p>\n\n\n\n<ul class=\"wp-block-list\">\n<li><strong>Municipio Puerto Cabello<\/strong><\/li>\n<\/ul>\n\n\n\n<p>CIAU Consolidado. Centro Comercial Consolidado, planta Alta y Baja, Local n\u00famero 1, calle Mari\u00f1o,&nbsp;&nbsp;parroquia Fraternidad.<\/p>\n\n\n\n<p>CIAU Guaicamacuto. Centro Comercial Guaicamacuto, mezzanina 1, local M1-4, ubicado en la Urbanizaci\u00f3n Cumboto Norte, avenida Salom\u00f3n, parroquia Juan Jos\u00e9 Flores.<\/p>\n\n\n\n<p>Centro Comercial Paseo Mari\u00f1o. Calle Mari\u00f1o con calle Juncal, piso 2, local nro. 40, parroquia Fraternidad.<\/p>\n\n\n\n<ul class=\"wp-block-list\">\n<li><strong>Municipio San Diego<\/strong><\/li>\n<\/ul>\n\n\n\n<p>CIAU Fin de Siglo. Centro Comercial San Diego,&nbsp;&nbsp;planta baja, avenida Don Julio Centeno.<\/p>\n\n\n\n<ul class=\"wp-block-list\">\n<li><strong>Municipio San Joaqu\u00edn<\/strong><\/li>\n<\/ul>\n\n\n\n<p>Avenida Bol\u00edvar, cruce con calle Santander, n\u00famero 40,&nbsp;parroquia San Joaqu\u00edn.<\/p>\n\n\n\n<ul class=\"wp-block-list\">\n<li><strong>Municipio Valencia<\/strong><\/li>\n<\/ul>\n\n\n\n<p>Centro Comercial Shopping Center, Urbanizaci\u00f3n Prebo (Stand).<\/p>\n\n\n\n<p>CIAU Valencia I. Centro Comercial Valencia Center, locales&nbsp;&nbsp;21 y 22, calle Cantaura&nbsp;con Soublette, parroquia Candelaria.<\/p>\n\n\n\n<p>CIAU Prebo II. Centro Comercial Prebo, urbanizaci\u00f3n Prebo 1, avenida 107-B, nivel planta, parroquia San Jos\u00e9.<\/p>\n\n\n\n<p>CIAU Piazza. Centro Comercial Centro Piazza. Urbanizaci\u00f3n El Parral, nivel Neptuno, local 11,&nbsp;&nbsp;parroquia San Jos\u00e9.<\/p>\n\n\n\n<p>CIAU Torre 4. Edificio Torre 4, planta baja,&nbsp;&nbsp;avenida Cede\u00f1o con calle Montes de Oca, parroquia San Jos\u00e9.<\/p>\n\n\n\n<p>CIAU Valencia III. Urbanizaci\u00f3n La Isabelica, sector 6, avenida Espiga de Oro, calle n\u00famero 5, al lado de Ipostel, parroquia Rafael Urdaneta.<\/p>\n\n\n\n<ul class=\"wp-block-list\">\n<li><strong>Municipio Miranda<\/strong><\/li>\n<\/ul>\n\n\n\n<p>Centro C\u00edvico Miranda. Calle Girardot, entre&nbsp;Carabobo&nbsp;y Sucre, sector El Play\u00f3n (Stand).<\/p>\n\n\n\n<ul class=\"wp-block-list\">\n<li><strong>Municipio Bejuma<\/strong><\/li>\n<\/ul>\n\n\n\n<p>CIAU Bejuma. Edificio Palermo, planta baja, avenida Bol\u00edvar con calle Piar.<\/p>\n\n\n\n<ul class=\"wp-block-list\">\n<li><strong>Municipio Naguanagua<\/strong><\/li>\n<\/ul>\n\n\n\n<p>CIAU V\u00eda Veneto. Centro Comercial V\u00eda Veneto, nivel estacionamiento, locales M5 y M6,&nbsp;&nbsp;avenida Ma\u00f1ongo con calle Salvador Feo La Cruz.<\/p>\n\n\n\n<p>CIAU Naguanagua. Centro Comercial El Dorado, entre avenida Bol\u00edvar y prolongaci\u00f3n del cementerio Guayabal.<\/p>\n\n\n\n<ul class=\"wp-block-list\">\n<li><strong>Municipio Juan Jos\u00e9 Mora<\/strong><\/li>\n<\/ul>\n\n\n\n<p>CIAU Mor\u00f3n. Calle San Jos\u00e9 con calle Miranda, diagonal a la Casa de la Cultura, edificio Corpoelec, parroquia Juan Jos\u00e9 Mora.<\/p>\n\n\n\n<ul class=\"wp-block-list\">\n<li><strong>Municipio Los Guayos<\/strong><\/li>\n<\/ul>\n\n\n\n<p>CIAU Los Guayos. Centro Comercial Profesional Los Guayos, planta baja, local #4, calle Bruzual.<\/p>\n\n\n\n<p>\u200ePara m\u00e1s informaci\u00f3n sobre las Jornadas Integrales de Atenci\u00f3n al Usuario, puede consultar la cuenta&nbsp;<a href=\"https:\/\/www.instagram.com\/corpoelecinfo\/\">@corpoelecinfo&nbsp;<\/a>en Instagram o visitar la p\u00e1gina<a href=\"https:\/\/www.facebook.com\/Corpoelecinfo\">&nbsp;Corpoelec Informa&nbsp;<\/a>en Facebook.<\/p>\n\n\n\n<p><strong>Prensa MPPEE \u2013 CORPOELEC<\/strong><\/p>\n\n\n\n<p><\/p>\n","protected":false},"excerpt":{"rendered":"<p>Estado Carabobo.- Corporaci\u00f3n El\u00e9ctrica Nacional se desplegar\u00e1 este s\u00e1bado 26 de julio en los 14 municipios del estado Carabobo, con<\/p>\n","protected":false},"author":24,"featured_media":98318,"comment_status":"closed","ping_status":"closed","sticky":false,"template":"","format":"standard","meta":{"footnotes":""},"categories":[30],"tags":[2758,2692,2769],"class_list":["post-99113","post","type-post","status-publish","format-standard","has-post-thumbnail","hentry","category-regionales","tag-atencion","tag-carabobo","tag-usuario"],"_links":{"self":[{"href":"https:\/\/mppee.gob.ve\/index.php?rest_route=\/wp\/v2\/posts\/99113","targetHints":{"allow":["GET"]}}],"collection":[{"href":"https:\/\/mppee.gob.ve\/index.php?rest_route=\/wp\/v2\/posts"}],"about":[{"href":"https:\/\/mppee.gob.ve\/index.php?rest_route=\/wp\/v2\/types\/post"}],"author":[{"embeddable":true,"href":"https:\/\/mppee.gob.ve\/index.php?rest_route=\/wp\/v2\/users\/24"}],"replies":[{"embeddable":true,"href":"https:\/\/mppee.gob.ve\/index.php?rest_route=%2Fwp%2Fv2%2Fcomments&post=99113"}],"version-history":[{"count":2,"href":"https:\/\/mppee.gob.ve\/index.php?rest_route=\/wp\/v2\/posts\/99113\/revisions"}],"predecessor-version":[{"id":99120,"href":"https:\/\/mppee.gob.ve\/index.php?rest_route=\/wp\/v2\/posts\/99113\/revisions\/99120"}],"wp:featuredmedia":[{"embeddable":true,"href":"https:\/\/mppee.gob.ve\/index.php?rest_route=\/wp\/v2\/media\/98318"}],"wp:attachment":[{"href":"https:\/\/mppee.gob.ve\/index.php?rest_route=%2Fwp%2Fv2%2Fmedia&parent=99113"}],"wp:term":[{"taxonomy":"category","embeddable":true,"href":"https:\/\/mppee.gob.ve\/index.php?rest_route=%2Fwp%2Fv2%2Fcategories&post=99113"},{"taxonomy":"post_tag","embeddable":true,"href":"https:\/\/mppee.gob.ve\/index.php?rest_route=%2Fwp%2Fv2%2Ftags&post=99113"}],"curies":[{"name":"wp","href":"https:\/\/api.w.org\/{rel}","templated":true}]}}