{"id":99184,"date":"2025-07-28T13:43:16","date_gmt":"2025-07-28T13:43:16","guid":{"rendered":"https:\/\/mppee.gob.ve\/?p=99184"},"modified":"2025-07-28T13:43:17","modified_gmt":"2025-07-28T13:43:17","slug":"mas-de-115-mil-larenses-beneficiados-con-despliegue-tecnico-en-la-subestacion-el-manzano","status":"publish","type":"post","link":"https:\/\/mppee.gob.ve\/?p=99184","title":{"rendered":"M\u00e1s de 115 mil larenses beneficiados con despliegue t\u00e9cnico en la subestaci\u00f3n El Manzano"},"content":{"rendered":"\n<p><strong>Estado Lara.-<\/strong> Con impacto positivo en el fortalecimiento del sistema de distribuci\u00f3n de m\u00e1s de 115 mil larenses, cuadrillas especializadas de la Corporaci\u00f3n El\u00e9ctrica Nacional (CORPOELEC) ejecutaron un despliegue t\u00e9cnico en la subestaci\u00f3n El Manzano 230\/115\/24 kV, ubicada al sur de Barquisimeto.<\/p>\n\n\n\n<p>Las maniobras comprendieron la sustituci\u00f3n de equipos como aisladores en el p\u00f3rtico de 24 kV, puentes y conductores. Asimismo, se realizaron inspecciones y pruebas en los sistemas de protecciones y adecuaciones en el lado de baja del transformador de potencia.<\/p>\n\n\n\n<p>Adicionalmente, el personal operativo de la estatal el\u00e9ctrica tambi\u00e9n llev\u00f3 a cabo una jornada de control de vegetaci\u00f3n en los corredores el\u00e9ctricos del circuito R\u00edo Claro, asociado a la citada instalaci\u00f3n el\u00e9ctrica.<\/p>\n\n\n\n<p>Esta asistencia t\u00e9cnica, enmarcada en el Plan de Mantenimiento y Adecuaci\u00f3n de Subestaciones El\u00e9ctricas que adelanta el Gobierno Bolivariano a trav\u00e9s del Ministerio del Poder Popular para la Energ\u00eda El\u00e9ctrica (MPPEE), optimiza la distribuci\u00f3n de energ\u00eda en las parroquias Catedral, Concepci\u00f3n y Agua Viva de los municipios Iribarren y Palavecino de la entidad crepuscular.<\/p>\n\n\n\n<p><strong>Prensa MPPEE-CORPOELEC<\/strong><\/p>\n","protected":false},"excerpt":{"rendered":"<p>Estado Lara.- Con impacto positivo en el fortalecimiento del sistema de distribuci\u00f3n de m\u00e1s de 115 mil larenses, cuadrillas especializadas<\/p>\n","protected":false},"author":24,"featured_media":99185,"comment_status":"closed","ping_status":"closed","sticky":false,"template":"","format":"standard","meta":{"footnotes":""},"categories":[30],"tags":[2691,3189,2690,2704,2750],"class_list":["post-99184","post","type-post","status-publish","format-standard","has-post-thumbnail","hentry","category-regionales","tag-corpoelec","tag-el-manzano","tag-lara","tag-mantenimiento","tag-subestacion"],"_links":{"self":[{"href":"https:\/\/mppee.gob.ve\/index.php?rest_route=\/wp\/v2\/posts\/99184","targetHints":{"allow":["GET"]}}],"collection":[{"href":"https:\/\/mppee.gob.ve\/index.php?rest_route=\/wp\/v2\/posts"}],"about":[{"href":"https:\/\/mppee.gob.ve\/index.php?rest_route=\/wp\/v2\/types\/post"}],"author":[{"embeddable":true,"href":"https:\/\/mppee.gob.ve\/index.php?rest_route=\/wp\/v2\/users\/24"}],"replies":[{"embeddable":true,"href":"https:\/\/mppee.gob.ve\/index.php?rest_route=%2Fwp%2Fv2%2Fcomments&post=99184"}],"version-history":[{"count":1,"href":"https:\/\/mppee.gob.ve\/index.php?rest_route=\/wp\/v2\/posts\/99184\/revisions"}],"predecessor-version":[{"id":99186,"href":"https:\/\/mppee.gob.ve\/index.php?rest_route=\/wp\/v2\/posts\/99184\/revisions\/99186"}],"wp:featuredmedia":[{"embeddable":true,"href":"https:\/\/mppee.gob.ve\/index.php?rest_route=\/wp\/v2\/media\/99185"}],"wp:attachment":[{"href":"https:\/\/mppee.gob.ve\/index.php?rest_route=%2Fwp%2Fv2%2Fmedia&parent=99184"}],"wp:term":[{"taxonomy":"category","embeddable":true,"href":"https:\/\/mppee.gob.ve\/index.php?rest_route=%2Fwp%2Fv2%2Fcategories&post=99184"},{"taxonomy":"post_tag","embeddable":true,"href":"https:\/\/mppee.gob.ve\/index.php?rest_route=%2Fwp%2Fv2%2Ftags&post=99184"}],"curies":[{"name":"wp","href":"https:\/\/api.w.org\/{rel}","templated":true}]}}