{"id":99198,"date":"2025-07-28T19:18:02","date_gmt":"2025-07-28T19:18:02","guid":{"rendered":"https:\/\/mppee.gob.ve\/?p=99198"},"modified":"2025-07-28T19:18:03","modified_gmt":"2025-07-28T19:18:03","slug":"atenderan-a-usuarios-comerciales-y-residenciales-en-sectores-trujillanos","status":"publish","type":"post","link":"https:\/\/mppee.gob.ve\/?p=99198","title":{"rendered":"Atender\u00e1n a usuarios comerciales y residenciales en sectores trujillanos"},"content":{"rendered":"\n<p><strong>Estado Trujillo.<\/strong>\u2013 Desde este martes 29 de julio hasta el s\u00e1bado 2 de agosto, trabajadores de la Corporaci\u00f3n El\u00e9ctrica Nacional (CORPOELEC) se desplegar\u00e1n en distintas localidades del estado Trujillo para brindar atenci\u00f3n a usuarios comerciales y residenciales.<\/p>\n\n\n\n<p>A trav\u00e9s de Jornadas Integrales de Atenci\u00f3n al Usuario, los ciudadanos podr\u00e1n realizar el pago oportuno de facturas del servicio el\u00e9ctrico, recibir asesor\u00eda personalizada, actualizar sus datos y canalizar inquietudes relacionadas con el servicio.<\/p>\n\n\n\n<p>Los agentes comerciales estar\u00e1n presentes en los siguientes sectores:<\/p>\n\n\n\n<ul class=\"wp-block-list\">\n<li>Mercedes D\u00edaz, Juan Ignacio Montilla, Timotes, Antonio Nicol\u00e1s Brice\u00f1o, Escuque, Matriz, Pampanito, Carache, El Carmen, Tucan\u00ed, Mendoza y Betijoque.<\/li>\n\n\n\n<li>Motat\u00e1n, La Matriz, Pampanito II, Bocon\u00f3, Tucan\u00ed y La Pueblita.<\/li>\n\n\n\n<li>Flor de Patria, Crist\u00f3bal Mendoza, Valmore, Jos\u00e9 Gregorio Hern\u00e1ndez, Sabana Libre, Cruz Carrillo, Pamp\u00e1n, Mosquey, Carvajal, R\u00f3mulo Gallegos y Los Cedros.<\/li>\n<\/ul>\n\n\n\n<p>La atenci\u00f3n estar\u00e1 disponible en horario comprendido entre las 9:00 de la ma\u00f1ana y las 4:00 de la tarde.<\/p>\n\n\n\n<p>Para m\u00e1s informaci\u00f3n sobre las Jornadas Integrales de Atenci\u00f3n al Usuario, puede consultar la cuenta\u00a0<a href=\"https:\/\/www.instagram.com\/corpoelecinfo\/\">@corpoelecinfo\u00a0<\/a>en Instagram o visitar la p\u00e1gina<a href=\"https:\/\/www.facebook.com\/Corpoelecinfo\">\u00a0Corpoelec Informa\u00a0<\/a>en Facebook.<\/p>\n\n\n\n<p><strong>Prensa MPPEE &#8211; CORPOELEC<\/strong><\/p>\n\n\n\n<p><\/p>\n","protected":false},"excerpt":{"rendered":"<p>Estado Trujillo.\u2013 Desde este martes 29 de julio hasta el s\u00e1bado 2 de agosto, trabajadores de la Corporaci\u00f3n El\u00e9ctrica Nacional<\/p>\n","protected":false},"author":24,"featured_media":98318,"comment_status":"closed","ping_status":"closed","sticky":false,"template":"","format":"standard","meta":{"footnotes":""},"categories":[30],"tags":[2758,2691,2702,2769],"class_list":["post-99198","post","type-post","status-publish","format-standard","has-post-thumbnail","hentry","category-regionales","tag-atencion","tag-corpoelec","tag-trujillo","tag-usuario"],"_links":{"self":[{"href":"https:\/\/mppee.gob.ve\/index.php?rest_route=\/wp\/v2\/posts\/99198","targetHints":{"allow":["GET"]}}],"collection":[{"href":"https:\/\/mppee.gob.ve\/index.php?rest_route=\/wp\/v2\/posts"}],"about":[{"href":"https:\/\/mppee.gob.ve\/index.php?rest_route=\/wp\/v2\/types\/post"}],"author":[{"embeddable":true,"href":"https:\/\/mppee.gob.ve\/index.php?rest_route=\/wp\/v2\/users\/24"}],"replies":[{"embeddable":true,"href":"https:\/\/mppee.gob.ve\/index.php?rest_route=%2Fwp%2Fv2%2Fcomments&post=99198"}],"version-history":[{"count":1,"href":"https:\/\/mppee.gob.ve\/index.php?rest_route=\/wp\/v2\/posts\/99198\/revisions"}],"predecessor-version":[{"id":99201,"href":"https:\/\/mppee.gob.ve\/index.php?rest_route=\/wp\/v2\/posts\/99198\/revisions\/99201"}],"wp:featuredmedia":[{"embeddable":true,"href":"https:\/\/mppee.gob.ve\/index.php?rest_route=\/wp\/v2\/media\/98318"}],"wp:attachment":[{"href":"https:\/\/mppee.gob.ve\/index.php?rest_route=%2Fwp%2Fv2%2Fmedia&parent=99198"}],"wp:term":[{"taxonomy":"category","embeddable":true,"href":"https:\/\/mppee.gob.ve\/index.php?rest_route=%2Fwp%2Fv2%2Fcategories&post=99198"},{"taxonomy":"post_tag","embeddable":true,"href":"https:\/\/mppee.gob.ve\/index.php?rest_route=%2Fwp%2Fv2%2Ftags&post=99198"}],"curies":[{"name":"wp","href":"https:\/\/api.w.org\/{rel}","templated":true}]}}