{"id":99202,"date":"2025-07-29T07:27:00","date_gmt":"2025-07-29T07:27:00","guid":{"rendered":"https:\/\/mppee.gob.ve\/?p=99202"},"modified":"2025-07-28T19:33:59","modified_gmt":"2025-07-28T19:33:59","slug":"usuarios-de-turen-recibiran-asesoria-personalizada-este-30-j","status":"publish","type":"post","link":"https:\/\/mppee.gob.ve\/?p=99202","title":{"rendered":"Usuarios de Tur\u00e9n recibir\u00e1n asesor\u00eda personalizada este 30-J"},"content":{"rendered":"\n<p><strong>Estado Portuguesa.- <\/strong>Este mi\u00e9rcoles 30 de julio, la Corporaci\u00f3n El\u00e9ctrica Nacional (CORPOELEC), a trav\u00e9s de sus Jornadas Integrales de Atenci\u00f3n al Usuario, ofrecer\u00e1 atenci\u00f3n directa a los habitantes de la urbanizaci\u00f3n Maisanta, parroquia Villa Bruzual, municipio Tur\u00e9n.<\/p>\n\n\n\n<p>Durante la jornada, los agentes comerciales estar\u00e1n disponibles para brindar servicios como actualizaci\u00f3n de datos, pago de facturas, notificaci\u00f3n de deudas y gesti\u00f3n de tr\u00e1mites vinculados al servicio el\u00e9ctrico.<\/p>\n\n\n\n<p>La actividad se desarrollar\u00e1 en las instalaciones de la Casa Comunal, en horario comprendido entre las 8:30 de la ma\u00f1ana y las 2:00 de la tarde.<\/p>\n\n\n\n<p>Para m\u00e1s informaci\u00f3n sobre las Jornadas Integrales de Atenci\u00f3n al Usuario, puede consultar la cuenta\u00a0<a href=\"https:\/\/www.instagram.com\/corpoelecinfo\/\">@corpoelecinfo\u00a0<\/a>en Instagram o visitar la p\u00e1gina<a href=\"https:\/\/www.facebook.com\/Corpoelecinfo\">\u00a0Corpoelec Informa\u00a0<\/a>en Facebook.<\/p>\n\n\n\n<p><strong>Prensa MPPEE &#8211; CORPOELEC<\/strong><\/p>\n","protected":false},"excerpt":{"rendered":"<p>Estado Portuguesa.- Este mi\u00e9rcoles 30 de julio, la Corporaci\u00f3n El\u00e9ctrica Nacional (CORPOELEC), a trav\u00e9s de sus Jornadas Integrales de Atenci\u00f3n<\/p>\n","protected":false},"author":24,"featured_media":98341,"comment_status":"closed","ping_status":"closed","sticky":false,"template":"","format":"standard","meta":{"footnotes":""},"categories":[30],"tags":[2758,2691,2725,2769],"class_list":["post-99202","post","type-post","status-publish","format-standard","has-post-thumbnail","hentry","category-regionales","tag-atencion","tag-corpoelec","tag-portuguesa","tag-usuario"],"_links":{"self":[{"href":"https:\/\/mppee.gob.ve\/index.php?rest_route=\/wp\/v2\/posts\/99202","targetHints":{"allow":["GET"]}}],"collection":[{"href":"https:\/\/mppee.gob.ve\/index.php?rest_route=\/wp\/v2\/posts"}],"about":[{"href":"https:\/\/mppee.gob.ve\/index.php?rest_route=\/wp\/v2\/types\/post"}],"author":[{"embeddable":true,"href":"https:\/\/mppee.gob.ve\/index.php?rest_route=\/wp\/v2\/users\/24"}],"replies":[{"embeddable":true,"href":"https:\/\/mppee.gob.ve\/index.php?rest_route=%2Fwp%2Fv2%2Fcomments&post=99202"}],"version-history":[{"count":1,"href":"https:\/\/mppee.gob.ve\/index.php?rest_route=\/wp\/v2\/posts\/99202\/revisions"}],"predecessor-version":[{"id":99203,"href":"https:\/\/mppee.gob.ve\/index.php?rest_route=\/wp\/v2\/posts\/99202\/revisions\/99203"}],"wp:featuredmedia":[{"embeddable":true,"href":"https:\/\/mppee.gob.ve\/index.php?rest_route=\/wp\/v2\/media\/98341"}],"wp:attachment":[{"href":"https:\/\/mppee.gob.ve\/index.php?rest_route=%2Fwp%2Fv2%2Fmedia&parent=99202"}],"wp:term":[{"taxonomy":"category","embeddable":true,"href":"https:\/\/mppee.gob.ve\/index.php?rest_route=%2Fwp%2Fv2%2Fcategories&post=99202"},{"taxonomy":"post_tag","embeddable":true,"href":"https:\/\/mppee.gob.ve\/index.php?rest_route=%2Fwp%2Fv2%2Ftags&post=99202"}],"curies":[{"name":"wp","href":"https:\/\/api.w.org\/{rel}","templated":true}]}}