{"id":99223,"date":"2025-07-28T23:52:04","date_gmt":"2025-07-28T23:52:04","guid":{"rendered":"https:\/\/mppee.gob.ve\/?p=99223"},"modified":"2025-07-28T23:52:05","modified_gmt":"2025-07-28T23:52:05","slug":"refuerzan-presencia-en-los-llanos-para-brindar-apoyo-a-comunidades-afectadas-por-inundaciones","status":"publish","type":"post","link":"https:\/\/mppee.gob.ve\/?p=99223","title":{"rendered":"Refuerzan presencia en Los Llanos para brindar apoyo a comunidades afectadas por inundaciones"},"content":{"rendered":"\n<p><strong>Estado Gu\u00e1rico- <\/strong>Con un equipo multidisciplinario presto para <a href=\"https:\/\/mppee.gob.ve\/?p=99217\" data-type=\"link\" data-id=\"https:\/\/mppee.gob.ve\/?p=99217\">dar soluciones a la poblaci\u00f3n de estados llaneros Apure y Gu\u00e1rico<\/a>, afectados por las recientes lluvias producto del cambio clim\u00e1tico, el vicepresidente sectorial de Obras P\u00fablicas y Servicios, Jorge M\u00e1rquez, inspecciona los avances de los trabajos de ingenier\u00eda que iniciaron el pasado fin de semana.<\/p>\n\n\n\n<p>Siguiendo instrucciones del presidente de la Rep\u00fablica, Nicol\u00e1s Maduro, junto a los ministros del Poder Popular para Obras P\u00fablicas y Servicios, Juan Ram\u00edrez, y Transporte, Ram\u00f3n Vel\u00e1zquez, M\u00e1rquez recorri\u00f3 el sector La Negra, donde atraviesa el r\u00edo Portuguesa, el cual se desbord\u00f3 ante las constantes precipitaciones.<\/p>\n\n\n\n<p>Tras conversar con voceros del Poder Popular y personal especializado en los trabajos de infraestructura, las autoridades se desplazaron hasta el municipio Esteros de Camagu\u00e1n, lugar donde la crecida del r\u00edo impact\u00f3 a diversas comunidades con las inundaciones.<\/p>\n\n\n\n<p>\u201cDesde ayer el presidente Nicol\u00e1s Maduro nos orden\u00f3 venir a Gu\u00e1rico a inspeccionar los da\u00f1os que ha ocasionado la crecida del r\u00edo Portuguesa (\u2026) Atendiendo a la gente, tray\u00e9ndole comida, agua y medicinas para que sientan que el gobierno revolucionario est\u00e1 con ellos\u201d, puntualiz\u00f3 el tambi\u00e9n ministro del Poder Popular para la Energ\u00eda El\u00e9ctrica, Jorge M\u00e1rquez.<\/p>\n\n\n\n<p>En la zona se ejecutan maniobras de corte de vialidad para facilitar el drenaje del agua. Al respecto, el ministro de Transporte, Ram\u00f3n Vel\u00e1squez Araguay\u00e1n, detall\u00f3 que \u201cson 700 mil litros de agua por segundo que est\u00e1n pasando de un extremo a otro\u201d para desahogar las zonas inundadas y \u201cllevarle tranquilidad a estos pueblos\u201d.<\/p>\n\n\n\n<p>Adicionalmente, se ha desplegado maquinaria pesada para avanzar en las obras de mitigaci\u00f3n de riesgos e iniciar trabajos de ingenier\u00eda hidr\u00e1ulica, como parte de las soluciones estructurales que se ejecutan en la entidad llanera.<\/p>\n\n\n\n<p>Esta jornada de inspecci\u00f3n tambi\u00e9n contempl\u00f3 visitas por San Fernando, Guayabal y Calabozo, donde la inclemencia de la crisis clim\u00e1tica ha ocasionado afectaciones en las v\u00edas de comunicaci\u00f3n.<\/p>\n\n\n\n<p>Las labores que realiza el gobierno del presidente Nicol\u00e1s Maduro, a trav\u00e9s de la Vicepresidencia de Obras P\u00fablicas y Servicios, tienen el prop\u00f3sito de garantizar atenci\u00f3n integral no solo en materia de infraestructura, sino tambi\u00e9n log\u00edstica y social a los habitantes de Apure y Gu\u00e1rico.<\/p>\n\n\n\n<p><strong>Prensa MPPEE-CORPOELEC \/ Rosiris Ortega<\/strong><\/p>\n","protected":false},"excerpt":{"rendered":"<p>Estado Gu\u00e1rico- Con un equipo multidisciplinario presto para dar soluciones a la poblaci\u00f3n de estados llaneros Apure y Gu\u00e1rico, afectados<\/p>\n","protected":false},"author":24,"featured_media":99225,"comment_status":"closed","ping_status":"closed","sticky":false,"template":"","format":"standard","meta":{"footnotes":""},"categories":[15],"tags":[2722,2729,2763,3194],"class_list":["post-99223","post","type-post","status-publish","format-standard","has-post-thumbnail","hentry","category-nacionales","tag-apure","tag-guarico","tag-jorge-marquez","tag-obras-publicas-y-servicios"],"_links":{"self":[{"href":"https:\/\/mppee.gob.ve\/index.php?rest_route=\/wp\/v2\/posts\/99223","targetHints":{"allow":["GET"]}}],"collection":[{"href":"https:\/\/mppee.gob.ve\/index.php?rest_route=\/wp\/v2\/posts"}],"about":[{"href":"https:\/\/mppee.gob.ve\/index.php?rest_route=\/wp\/v2\/types\/post"}],"author":[{"embeddable":true,"href":"https:\/\/mppee.gob.ve\/index.php?rest_route=\/wp\/v2\/users\/24"}],"replies":[{"embeddable":true,"href":"https:\/\/mppee.gob.ve\/index.php?rest_route=%2Fwp%2Fv2%2Fcomments&post=99223"}],"version-history":[{"count":1,"href":"https:\/\/mppee.gob.ve\/index.php?rest_route=\/wp\/v2\/posts\/99223\/revisions"}],"predecessor-version":[{"id":99224,"href":"https:\/\/mppee.gob.ve\/index.php?rest_route=\/wp\/v2\/posts\/99223\/revisions\/99224"}],"wp:featuredmedia":[{"embeddable":true,"href":"https:\/\/mppee.gob.ve\/index.php?rest_route=\/wp\/v2\/media\/99225"}],"wp:attachment":[{"href":"https:\/\/mppee.gob.ve\/index.php?rest_route=%2Fwp%2Fv2%2Fmedia&parent=99223"}],"wp:term":[{"taxonomy":"category","embeddable":true,"href":"https:\/\/mppee.gob.ve\/index.php?rest_route=%2Fwp%2Fv2%2Fcategories&post=99223"},{"taxonomy":"post_tag","embeddable":true,"href":"https:\/\/mppee.gob.ve\/index.php?rest_route=%2Fwp%2Fv2%2Ftags&post=99223"}],"curies":[{"name":"wp","href":"https:\/\/api.w.org\/{rel}","templated":true}]}}