{"id":99237,"date":"2025-07-29T18:45:38","date_gmt":"2025-07-29T18:45:38","guid":{"rendered":"https:\/\/mppee.gob.ve\/?p=99237"},"modified":"2025-07-29T18:45:39","modified_gmt":"2025-07-29T18:45:39","slug":"fortalecen-circuito-camaguan-para-beneficiar-a-mas-de-nueve-mil-guariquenos","status":"publish","type":"post","link":"https:\/\/mppee.gob.ve\/?p=99237","title":{"rendered":"Fortalecen circuito Camagu\u00e1n para beneficiar a m\u00e1s de nueve mil guarique\u00f1os"},"content":{"rendered":"\n<p><strong>Estado Gu\u00e1rico.-<\/strong> Siguiendo las instrucciones del presidente de la Rep\u00fablica, Nicol\u00e1s Maduro, la Corporaci\u00f3n El\u00e9ctrica Nacional (CORPOELEC) ejecuta maniobras de mantenimiento correctivo y preventivo en el circuito Camagu\u00e1n, asociado a la subestaci\u00f3n Gorr\u00edn 115 kV.<\/p>\n\n\n\n<p>Las labores consistieron en el aseguramiento de postes y estructuras de la red el\u00e9ctrica, as\u00ed como en una revisi\u00f3n exhaustiva de la subestaci\u00f3n Camagu\u00e1n, con el objetivo de garantizar la continuidad del servicio el\u00e9ctrico.<\/p>\n\n\n\n<p>Estas acciones forman parte de los despliegues multidisciplinarios orientados a brindar atenci\u00f3n oportuna a las familias afectadas por las fuertes precipitaciones y el aumento del caudal de los r\u00edos Portuguesa y Apure.<\/p>\n\n\n\n<p>El abordaje correctivo y preventivo impacta directamente en m\u00e1s de 9.900 habitantes de las comunidades La Negra, La Para\u00edta, Puerto Miranda, Carrizalero y Uverito.<\/p>\n\n\n\n<p>De esta manera, CORPOELEC reafirma su compromiso con el bienestar de la poblaci\u00f3n guarique\u00f1a, especialmente en contextos de emergencia clim\u00e1tica.<\/p>\n\n\n\n<p><strong>Prensa MPPEE &#8211; CORPOELEC<\/strong><\/p>\n","protected":false},"excerpt":{"rendered":"<p>Estado Gu\u00e1rico.- Siguiendo las instrucciones del presidente de la Rep\u00fablica, Nicol\u00e1s Maduro, la Corporaci\u00f3n El\u00e9ctrica Nacional (CORPOELEC) ejecuta maniobras de<\/p>\n","protected":false},"author":24,"featured_media":99238,"comment_status":"closed","ping_status":"closed","sticky":false,"template":"","format":"standard","meta":{"footnotes":""},"categories":[30],"tags":[3195,2691,2729,3059],"class_list":["post-99237","post","type-post","status-publish","format-standard","has-post-thumbnail","hentry","category-regionales","tag-camaguan","tag-corpoelec","tag-guarico","tag-lluvias"],"_links":{"self":[{"href":"https:\/\/mppee.gob.ve\/index.php?rest_route=\/wp\/v2\/posts\/99237","targetHints":{"allow":["GET"]}}],"collection":[{"href":"https:\/\/mppee.gob.ve\/index.php?rest_route=\/wp\/v2\/posts"}],"about":[{"href":"https:\/\/mppee.gob.ve\/index.php?rest_route=\/wp\/v2\/types\/post"}],"author":[{"embeddable":true,"href":"https:\/\/mppee.gob.ve\/index.php?rest_route=\/wp\/v2\/users\/24"}],"replies":[{"embeddable":true,"href":"https:\/\/mppee.gob.ve\/index.php?rest_route=%2Fwp%2Fv2%2Fcomments&post=99237"}],"version-history":[{"count":1,"href":"https:\/\/mppee.gob.ve\/index.php?rest_route=\/wp\/v2\/posts\/99237\/revisions"}],"predecessor-version":[{"id":99239,"href":"https:\/\/mppee.gob.ve\/index.php?rest_route=\/wp\/v2\/posts\/99237\/revisions\/99239"}],"wp:featuredmedia":[{"embeddable":true,"href":"https:\/\/mppee.gob.ve\/index.php?rest_route=\/wp\/v2\/media\/99238"}],"wp:attachment":[{"href":"https:\/\/mppee.gob.ve\/index.php?rest_route=%2Fwp%2Fv2%2Fmedia&parent=99237"}],"wp:term":[{"taxonomy":"category","embeddable":true,"href":"https:\/\/mppee.gob.ve\/index.php?rest_route=%2Fwp%2Fv2%2Fcategories&post=99237"},{"taxonomy":"post_tag","embeddable":true,"href":"https:\/\/mppee.gob.ve\/index.php?rest_route=%2Fwp%2Fv2%2Ftags&post=99237"}],"curies":[{"name":"wp","href":"https:\/\/api.w.org\/{rel}","templated":true}]}}