{"id":99275,"date":"2025-08-01T02:27:00","date_gmt":"2025-08-01T02:27:00","guid":{"rendered":"https:\/\/mppee.gob.ve\/?p=99275"},"modified":"2025-07-31T15:00:00","modified_gmt":"2025-07-31T15:00:00","slug":"despliegan-jornada-para-atender-a-usuarios-de-guaicaipuro-y-los-salias","status":"publish","type":"post","link":"https:\/\/mppee.gob.ve\/?p=99275","title":{"rendered":"Despliegan jornada para atender a usuarios de Guaicaipuro y Los Salias"},"content":{"rendered":"\n<p><strong>Estado Miranda.-<\/strong> Como parte de las acciones destinadas a fortalecer el v\u00ednculo con los usuarios, la Corporaci\u00f3n El\u00e9ctrica Nacional (CORPOELEC) desplegar\u00e1 -este s\u00e1bado 2 de agosto- Jornadas Integrales de Atenci\u00f3n en los municipios Guaicaipuro y Los Salias, en el estado Miranda.<\/p>\n\n\n\n<p>Entre las 9:00 de la ma\u00f1ana y las 2:00 de la tarde, los asistentes podr\u00e1n realizar actualizaci\u00f3n de datos, consulta de saldo, recibir asesor\u00eda sobre su servicio el\u00e9ctrico y pagar sus facturas mediante puntos de ventas autorizados.<\/p>\n\n\n\n<p>Los puntos de atenci\u00f3n habilitados son:<\/p>\n\n\n\n<ul class=\"wp-block-list\">\n<li>Centro Comercial Libador, planta baja, casco central de Paracotos. Municipio Guaicaipuro.<\/li>\n<\/ul>\n\n\n\n<ul class=\"wp-block-list\">\n<li>Centro Comercial Luz El\u00e9ctrica, calle Miquil\u00e9n, piso 2. Municipio Guaicaipuro.<\/li>\n<\/ul>\n\n\n\n<ul class=\"wp-block-list\">\n<li>Centro Comercial Galer\u00edas Las Am\u00e9ricas, piso 1, carretera Panamericana kil\u00f3metro 15. Municipio Los Salias.<\/li>\n<\/ul>\n\n\n\n<ul class=\"wp-block-list\">\n<li>Sector El Trigo, residencias Lagunetica. Municipio Guaicaipuro.<\/li>\n<\/ul>\n\n\n\n<p>Para m\u00e1s informaci\u00f3n sobre las Jornadas Integrales de Atenci\u00f3n al Usuario, puede consultar la cuenta&nbsp;<a href=\"https:\/\/www.instagram.com\/corpoelecinfo\/\">@corpoelecinfo&nbsp;<\/a>en Instagram o visitar la p\u00e1gina<a href=\"https:\/\/www.facebook.com\/Corpoelecinfo\">&nbsp;Corpoelec Informa&nbsp;<\/a>en Facebook.<\/p>\n\n\n\n<p><strong>Prensa MPPEE \u2013 CORPOELEC<\/strong><\/p>\n","protected":false},"excerpt":{"rendered":"<p>Estado Miranda.- Como parte de las acciones destinadas a fortalecer el v\u00ednculo con los usuarios, la Corporaci\u00f3n El\u00e9ctrica Nacional (CORPOELEC)<\/p>\n","protected":false},"author":24,"featured_media":98781,"comment_status":"closed","ping_status":"closed","sticky":false,"template":"","format":"standard","meta":{"footnotes":""},"categories":[30],"tags":[2758,2691,2830,3093,2709,2769],"class_list":["post-99275","post","type-post","status-publish","format-standard","has-post-thumbnail","hentry","category-regionales","tag-atencion","tag-corpoelec","tag-guaicaipuro","tag-los-salias","tag-miranda","tag-usuario"],"_links":{"self":[{"href":"https:\/\/mppee.gob.ve\/index.php?rest_route=\/wp\/v2\/posts\/99275","targetHints":{"allow":["GET"]}}],"collection":[{"href":"https:\/\/mppee.gob.ve\/index.php?rest_route=\/wp\/v2\/posts"}],"about":[{"href":"https:\/\/mppee.gob.ve\/index.php?rest_route=\/wp\/v2\/types\/post"}],"author":[{"embeddable":true,"href":"https:\/\/mppee.gob.ve\/index.php?rest_route=\/wp\/v2\/users\/24"}],"replies":[{"embeddable":true,"href":"https:\/\/mppee.gob.ve\/index.php?rest_route=%2Fwp%2Fv2%2Fcomments&post=99275"}],"version-history":[{"count":1,"href":"https:\/\/mppee.gob.ve\/index.php?rest_route=\/wp\/v2\/posts\/99275\/revisions"}],"predecessor-version":[{"id":99276,"href":"https:\/\/mppee.gob.ve\/index.php?rest_route=\/wp\/v2\/posts\/99275\/revisions\/99276"}],"wp:featuredmedia":[{"embeddable":true,"href":"https:\/\/mppee.gob.ve\/index.php?rest_route=\/wp\/v2\/media\/98781"}],"wp:attachment":[{"href":"https:\/\/mppee.gob.ve\/index.php?rest_route=%2Fwp%2Fv2%2Fmedia&parent=99275"}],"wp:term":[{"taxonomy":"category","embeddable":true,"href":"https:\/\/mppee.gob.ve\/index.php?rest_route=%2Fwp%2Fv2%2Fcategories&post=99275"},{"taxonomy":"post_tag","embeddable":true,"href":"https:\/\/mppee.gob.ve\/index.php?rest_route=%2Fwp%2Fv2%2Ftags&post=99275"}],"curies":[{"name":"wp","href":"https:\/\/api.w.org\/{rel}","templated":true}]}}