{"id":99325,"date":"2025-08-01T20:32:04","date_gmt":"2025-08-01T20:32:04","guid":{"rendered":"https:\/\/mppee.gob.ve\/?p=99325"},"modified":"2025-08-01T20:32:06","modified_gmt":"2025-08-01T20:32:06","slug":"atenderan-a-usuarios-de-cinco-municipios-apurenos-este-2-a-informacion","status":"publish","type":"post","link":"https:\/\/mppee.gob.ve\/?p=99325","title":{"rendered":"Atender\u00e1n a usuarios de cinco municipios apure\u00f1os este 2-A (+ Informaci\u00f3n)"},"content":{"rendered":"\n<p><strong>Estado Apure.-<\/strong> Este s\u00e1bado 2 de agosto, la Corporaci\u00f3n El\u00e9ctrica Nacional (CORPOELEC) desplegar\u00e1 jornadas de atenci\u00f3n en los municipios San Fernando, Achaguas, R\u00f3mulo Gallegos, Mu\u00f1oz y P\u00e1ez del estado Apure, como parte de las acciones orientadas a fortalecer el v\u00ednculo con las comunidades del pa\u00eds.<\/p>\n\n\n\n<p>Los agentes comerciales brindar\u00e1n asesor\u00eda personalizada para la actualizaci\u00f3n de datos, notificaci\u00f3n de deudas, gesti\u00f3n de tr\u00e1mites y pago de facturas mediante puntos de venta.<\/p>\n\n\n\n<p>Los puntos de atenci\u00f3n estar\u00e1n habilitados de 8:00 de la ma\u00f1ana a 2:00 de la tarde en los siguientes:<\/p>\n\n\n\n<ul class=\"wp-block-list\">\n<li><strong>San Fernando:<\/strong> Urbanizaci\u00f3n La Trinidad y Sector Centro, parroquia San Fernando.<\/li>\n\n\n\n<li><strong>Achaguas:<\/strong> Urbanizaci\u00f3n Santa B\u00e1rbara, parroquia Achaguas.<\/li>\n\n\n\n<li><strong>R\u00f3mulo Gallegos:<\/strong> Sector Centro, parroquia Elorza.<\/li>\n\n\n\n<li><strong>Mu\u00f1oz:<\/strong> Avenida Libertador, parroquia Mantecal.<\/li>\n\n\n\n<li><strong>P\u00e1ez:<\/strong> Avenida San Camilo, parroquia San Camilo y Carrera Sim\u00f3n Rodr\u00edguez, parroquia Guasdualito.<\/li>\n<\/ul>\n\n\n\n<p>Para m\u00e1s informaci\u00f3n sobre las Jornadas Integrales de Atenci\u00f3n al Usuario, puede consultar la cuenta&nbsp;<a href=\"https:\/\/www.instagram.com\/corpoelecinfo\/\">@corpoelecinfo&nbsp;<\/a>en Instagram o visitar la p\u00e1gina<a href=\"https:\/\/www.facebook.com\/Corpoelecinfo\">&nbsp;Corpoelec Informa&nbsp;<\/a>en Facebook.<\/p>\n\n\n\n<p><strong>Prensa MPPEE \u2013 CORPOELEC<\/strong><\/p>\n","protected":false},"excerpt":{"rendered":"<p>Estado Apure.- Este s\u00e1bado 2 de agosto, la Corporaci\u00f3n El\u00e9ctrica Nacional (CORPOELEC) desplegar\u00e1 jornadas de atenci\u00f3n en los municipios San<\/p>\n","protected":false},"author":24,"featured_media":98309,"comment_status":"closed","ping_status":"closed","sticky":false,"template":"","format":"standard","meta":{"footnotes":""},"categories":[30],"tags":[2722,2758,2691,2769],"class_list":["post-99325","post","type-post","status-publish","format-standard","has-post-thumbnail","hentry","category-regionales","tag-apure","tag-atencion","tag-corpoelec","tag-usuario"],"_links":{"self":[{"href":"https:\/\/mppee.gob.ve\/index.php?rest_route=\/wp\/v2\/posts\/99325","targetHints":{"allow":["GET"]}}],"collection":[{"href":"https:\/\/mppee.gob.ve\/index.php?rest_route=\/wp\/v2\/posts"}],"about":[{"href":"https:\/\/mppee.gob.ve\/index.php?rest_route=\/wp\/v2\/types\/post"}],"author":[{"embeddable":true,"href":"https:\/\/mppee.gob.ve\/index.php?rest_route=\/wp\/v2\/users\/24"}],"replies":[{"embeddable":true,"href":"https:\/\/mppee.gob.ve\/index.php?rest_route=%2Fwp%2Fv2%2Fcomments&post=99325"}],"version-history":[{"count":1,"href":"https:\/\/mppee.gob.ve\/index.php?rest_route=\/wp\/v2\/posts\/99325\/revisions"}],"predecessor-version":[{"id":99326,"href":"https:\/\/mppee.gob.ve\/index.php?rest_route=\/wp\/v2\/posts\/99325\/revisions\/99326"}],"wp:featuredmedia":[{"embeddable":true,"href":"https:\/\/mppee.gob.ve\/index.php?rest_route=\/wp\/v2\/media\/98309"}],"wp:attachment":[{"href":"https:\/\/mppee.gob.ve\/index.php?rest_route=%2Fwp%2Fv2%2Fmedia&parent=99325"}],"wp:term":[{"taxonomy":"category","embeddable":true,"href":"https:\/\/mppee.gob.ve\/index.php?rest_route=%2Fwp%2Fv2%2Fcategories&post=99325"},{"taxonomy":"post_tag","embeddable":true,"href":"https:\/\/mppee.gob.ve\/index.php?rest_route=%2Fwp%2Fv2%2Ftags&post=99325"}],"curies":[{"name":"wp","href":"https:\/\/api.w.org\/{rel}","templated":true}]}}