{"id":99327,"date":"2025-08-01T20:51:15","date_gmt":"2025-08-01T20:51:15","guid":{"rendered":"https:\/\/mppee.gob.ve\/?p=99327"},"modified":"2025-08-01T21:01:23","modified_gmt":"2025-08-01T21:01:23","slug":"corpoelec-promueve-atencion-personalizada-en-barinas","status":"publish","type":"post","link":"https:\/\/mppee.gob.ve\/?p=99327","title":{"rendered":"CORPOELEC promueve atenci\u00f3n personalizada en Barinas"},"content":{"rendered":"\n<p><strong>Estado Barinas.-<\/strong> La Corporaci\u00f3n El\u00e9ctrica Nacional (CORPOELEC) brindar\u00e1 este s\u00e1bado atenci\u00f3n personalizada a usuarios de los municipios Alberto Arvelo Torrealba, Antonio Jos\u00e9 de Sucre, Barinas, Ezequiel Zamora y Pedraza del estado Barinas.<\/p>\n\n\n\n<p>Durante el despliegue, los agentes comerciales ofrecer\u00e1n asistencia para la actualizaci\u00f3n de datos, gesti\u00f3n de tr\u00e1mites y pago de facturas mediante puntos de venta.<\/p>\n\n\n\n<p>Los puntos de atenci\u00f3n estar\u00e1n habilitados desde las 8:30 de la ma\u00f1ana hasta la 1:00 de la tarde. Conozca a continuaci\u00f3n las ubicaciones:<\/p>\n\n\n\n<ul class=\"wp-block-list\">\n<li><strong>Pedraza:<\/strong> Sector Jos\u00e9 Gregorio Hern\u00e1ndez, parroquia Ciudad Bolivia.<\/li>\n\n\n\n<li><strong>Alberto Arvelo Torrealba:<\/strong> Sector 23 de Enero, parroquia Sabaneta.<\/li>\n\n\n\n<li><strong>Antonio Jos\u00e9 de Sucre:<\/strong> Sector Esmilta, parroquia Ticoporo.<\/li>\n\n\n\n<li><strong>Ezequiel Zamora:<\/strong> Sector 5 de Julio, parroquia San B\u00e1rbara.<\/li>\n\n\n\n<li><strong>Barinas:<\/strong> Sectores La Manga, La Jungla y Urbanizaci\u00f3n Campo La Mesa, parroquias Alto Barinas y San Silvestre.<\/li>\n<\/ul>\n\n\n\n<p>Para m\u00e1s informaci\u00f3n sobre las Jornadas Integrales de Atenci\u00f3n al Usuario, puede consultar la cuenta&nbsp;<a href=\"https:\/\/www.instagram.com\/corpoelecinfo\/\">@corpoelecinfo&nbsp;<\/a>en Instagram o visitar la p\u00e1gina<a href=\"https:\/\/www.facebook.com\/Corpoelecinfo\">&nbsp;Corpoelec Informa&nbsp;<\/a>en Facebook.<\/p>\n\n\n\n<p><strong>Prensa MPPEE \u2013 CORPOELEC<\/strong><\/p>\n","protected":false},"excerpt":{"rendered":"<p>Estado Barinas.- La Corporaci\u00f3n El\u00e9ctrica Nacional (CORPOELEC) brindar\u00e1 este s\u00e1bado atenci\u00f3n personalizada a usuarios de los municipios Alberto Arvelo Torrealba,<\/p>\n","protected":false},"author":24,"featured_media":98317,"comment_status":"closed","ping_status":"closed","sticky":false,"template":"","format":"standard","meta":{"footnotes":""},"categories":[30],"tags":[2758,2698,2691],"class_list":["post-99327","post","type-post","status-publish","format-standard","has-post-thumbnail","hentry","category-regionales","tag-atencion","tag-barinas","tag-corpoelec"],"_links":{"self":[{"href":"https:\/\/mppee.gob.ve\/index.php?rest_route=\/wp\/v2\/posts\/99327","targetHints":{"allow":["GET"]}}],"collection":[{"href":"https:\/\/mppee.gob.ve\/index.php?rest_route=\/wp\/v2\/posts"}],"about":[{"href":"https:\/\/mppee.gob.ve\/index.php?rest_route=\/wp\/v2\/types\/post"}],"author":[{"embeddable":true,"href":"https:\/\/mppee.gob.ve\/index.php?rest_route=\/wp\/v2\/users\/24"}],"replies":[{"embeddable":true,"href":"https:\/\/mppee.gob.ve\/index.php?rest_route=%2Fwp%2Fv2%2Fcomments&post=99327"}],"version-history":[{"count":2,"href":"https:\/\/mppee.gob.ve\/index.php?rest_route=\/wp\/v2\/posts\/99327\/revisions"}],"predecessor-version":[{"id":99329,"href":"https:\/\/mppee.gob.ve\/index.php?rest_route=\/wp\/v2\/posts\/99327\/revisions\/99329"}],"wp:featuredmedia":[{"embeddable":true,"href":"https:\/\/mppee.gob.ve\/index.php?rest_route=\/wp\/v2\/media\/98317"}],"wp:attachment":[{"href":"https:\/\/mppee.gob.ve\/index.php?rest_route=%2Fwp%2Fv2%2Fmedia&parent=99327"}],"wp:term":[{"taxonomy":"category","embeddable":true,"href":"https:\/\/mppee.gob.ve\/index.php?rest_route=%2Fwp%2Fv2%2Fcategories&post=99327"},{"taxonomy":"post_tag","embeddable":true,"href":"https:\/\/mppee.gob.ve\/index.php?rest_route=%2Fwp%2Fv2%2Ftags&post=99327"}],"curies":[{"name":"wp","href":"https:\/\/api.w.org\/{rel}","templated":true}]}}