{"id":99343,"date":"2025-08-02T15:39:08","date_gmt":"2025-08-02T15:39:08","guid":{"rendered":"https:\/\/mppee.gob.ve\/?p=99343"},"modified":"2025-08-02T17:21:18","modified_gmt":"2025-08-02T17:21:18","slug":"evaluan-avances-en-materia-electrica-durante-comite-tecnico-de-corpoelec","status":"publish","type":"post","link":"https:\/\/mppee.gob.ve\/?p=99343","title":{"rendered":"Eval\u00faan avances en materia el\u00e9ctrica durante Comit\u00e9 T\u00e9cnico de CORPOELEC"},"content":{"rendered":"\n<p><strong>Estado Bol\u00edvar.\u2013 <\/strong>En cumplimiento de las directrices emanadas por el presidente de la Rep\u00fablica Bolivariana de Venezuela, <a href=\"https:\/\/t.me\/s\/NicolasMaduroMoros\" data-type=\"link\" data-id=\"https:\/\/t.me\/s\/NicolasMaduroMoros\">Nicol\u00e1s Maduro Moros<\/a>, el ministro del Poder Popular para la Energ\u00eda El\u00e9ctrica, Jorge M\u00e1rquez Monsalve, lidera este s\u00e1bado una nueva jornada del Comit\u00e9 T\u00e9cnico de An\u00e1lisis y Toma de Decisiones.<\/p>\n\n\n\n<p>La reuni\u00f3n, que se realiza en el estado Bol\u00edvar, convoca a autoridades de la <a href=\"https:\/\/www.instagram.com\/corpoelecinfo\/\" data-type=\"link\" data-id=\"https:\/\/www.instagram.com\/corpoelecinfo\/\">Corporaci\u00f3n El\u00e9ctrica Nacional (CORPOELEC)<\/a> para evaluar estrategias que contribuyan al reimpulso del Sistema El\u00e9ctrico Nacional (SEN) en el contexto de los desaf\u00edos energ\u00e9ticos a escala internacional.<\/p>\n\n\n\n<p>Mediante estos encuentros, los especialistas en materia el\u00e9ctrica revisan los avances de cada uno de los procesos con el objetivo de garantizar la operatividad y estabilidad del sistema en beneficio del pueblo venezolano.<\/p>\n\n\n\n<p>El Gobierno Nacional se asegura del permanente resguardo y vigilancia del SEN para ofrecer un servicio el\u00e9ctrico de calidad, conforme a los objetivos establecidos en la <a href=\"https:\/\/mppee.gob.ve\/?p=94102\" data-type=\"link\" data-id=\"https:\/\/mppee.gob.ve\/?p=94102\">2T: Ciudad Humana para el Buen Vivir, Servicios P\u00fablicos e Infraestructura<\/a>.<\/p>\n\n\n\n<p><strong>Prensa MPPEE \u2013 CORPOELEC<\/strong><\/p>\n","protected":false},"excerpt":{"rendered":"<p>Estado Bol\u00edvar.\u2013 En cumplimiento de las directrices emanadas por el presidente de la Rep\u00fablica Bolivariana de Venezuela, Nicol\u00e1s Maduro Moros,<\/p>\n","protected":false},"author":24,"featured_media":99344,"comment_status":"closed","ping_status":"closed","sticky":false,"template":"","format":"standard","meta":{"footnotes":""},"categories":[15],"tags":[2963,2691,2763,2744],"class_list":["post-99343","post","type-post","status-publish","format-standard","has-post-thumbnail","hentry","category-nacionales","tag-comite-tecnico","tag-corpoelec","tag-jorge-marquez","tag-sen"],"_links":{"self":[{"href":"https:\/\/mppee.gob.ve\/index.php?rest_route=\/wp\/v2\/posts\/99343","targetHints":{"allow":["GET"]}}],"collection":[{"href":"https:\/\/mppee.gob.ve\/index.php?rest_route=\/wp\/v2\/posts"}],"about":[{"href":"https:\/\/mppee.gob.ve\/index.php?rest_route=\/wp\/v2\/types\/post"}],"author":[{"embeddable":true,"href":"https:\/\/mppee.gob.ve\/index.php?rest_route=\/wp\/v2\/users\/24"}],"replies":[{"embeddable":true,"href":"https:\/\/mppee.gob.ve\/index.php?rest_route=%2Fwp%2Fv2%2Fcomments&post=99343"}],"version-history":[{"count":1,"href":"https:\/\/mppee.gob.ve\/index.php?rest_route=\/wp\/v2\/posts\/99343\/revisions"}],"predecessor-version":[{"id":99345,"href":"https:\/\/mppee.gob.ve\/index.php?rest_route=\/wp\/v2\/posts\/99343\/revisions\/99345"}],"wp:featuredmedia":[{"embeddable":true,"href":"https:\/\/mppee.gob.ve\/index.php?rest_route=\/wp\/v2\/media\/99344"}],"wp:attachment":[{"href":"https:\/\/mppee.gob.ve\/index.php?rest_route=%2Fwp%2Fv2%2Fmedia&parent=99343"}],"wp:term":[{"taxonomy":"category","embeddable":true,"href":"https:\/\/mppee.gob.ve\/index.php?rest_route=%2Fwp%2Fv2%2Fcategories&post=99343"},{"taxonomy":"post_tag","embeddable":true,"href":"https:\/\/mppee.gob.ve\/index.php?rest_route=%2Fwp%2Fv2%2Ftags&post=99343"}],"curies":[{"name":"wp","href":"https:\/\/api.w.org\/{rel}","templated":true}]}}