{"id":99352,"date":"2025-08-02T22:00:50","date_gmt":"2025-08-02T22:00:50","guid":{"rendered":"https:\/\/mppee.gob.ve\/?p=99352"},"modified":"2025-08-02T22:14:28","modified_gmt":"2025-08-02T22:14:28","slug":"atienden-integralmente-a-familias-afectadas-por-las-lluvias-en-guayabal","status":"publish","type":"post","link":"https:\/\/mppee.gob.ve\/?p=99352","title":{"rendered":"Atienden integralmente a familias afectadas por las lluvias en Guayabal"},"content":{"rendered":"\n<p><strong>Estado Gu\u00e1rico.\u2013<\/strong> En cumplimiento de las instrucciones del presidente de la Rep\u00fablica, Nicol\u00e1s Maduro, la Vicepresidencia de Obras P\u00fablicas y Servicios eval\u00faa la situaci\u00f3n generada por la crecida de los r\u00edos Apure y Portuguesa en el municipio San Jer\u00f3nimo de Guayabal, ubicado al sur del estado Gu\u00e1rico.<\/p>\n\n\n\n<p>Las acciones est\u00e1n orientadas a la protecci\u00f3n social de las familias afectadas, garantizando el suministro de alimentos, agua potable, medicinas e insumos de primera necesidad, as\u00ed como la recuperaci\u00f3n de la vialidad impactada por las recientes precipitaciones.<\/p>\n\n\n\n<p>Bajo la direcci\u00f3n del vicepresidente de Obras P\u00fablicas y Servicios, Jorge M\u00e1rquez, junto con los titulares de Transporte y Obras P\u00fablicas, funcionarios de la Regi\u00f3n Estrat\u00e9gica de Defensa Integral (REDI) y equipos multidisciplinarios, se avanzan en las coordinaciones y diagn\u00f3sticos respectivos para mitigar los efectos de las inundaciones, tomando como referencia la experiencia en Ciudad de Nutrias, estado Barinas.<\/p>\n\n\n\n<p>La jornada contempl\u00f3 un recorrido para constatar el estado de la infraestructura vial en funci\u00f3n de facilitar la movilizaci\u00f3n eficiente de recursos. Precisamente, en un encuentro cercano el Poder Popular, M\u00e1rquez recalc\u00f3 la necesidad de reforzar los protocolos log\u00edsticos para garantizar la atenci\u00f3n plena de las comunidades.<\/p>\n\n\n\n<p>Ante esta situaci\u00f3n, el Gobierno Nacional habilit\u00f3 17 refugios temporales, donde m\u00e1s de 440 familias se encuentran actualmente a resguardo.<\/p>\n\n\n\n<p><strong>Prensa MPPEE-CORPOELEC<\/strong><\/p>\n","protected":false},"excerpt":{"rendered":"<p>Estado Gu\u00e1rico.\u2013 En cumplimiento de las instrucciones del presidente de la Rep\u00fablica, Nicol\u00e1s Maduro, la Vicepresidencia de Obras P\u00fablicas y<\/p>\n","protected":false},"author":22,"featured_media":99353,"comment_status":"closed","ping_status":"closed","sticky":false,"template":"","format":"standard","meta":{"footnotes":""},"categories":[15],"tags":[2722,2729,2763,2714,2725,3206],"class_list":["post-99352","post","type-post","status-publish","format-standard","has-post-thumbnail","hentry","category-nacionales","tag-apure","tag-guarico","tag-jorge-marquez","tag-nicolas-maduro","tag-portuguesa","tag-san-geronimo-de-guayabal"],"_links":{"self":[{"href":"https:\/\/mppee.gob.ve\/index.php?rest_route=\/wp\/v2\/posts\/99352","targetHints":{"allow":["GET"]}}],"collection":[{"href":"https:\/\/mppee.gob.ve\/index.php?rest_route=\/wp\/v2\/posts"}],"about":[{"href":"https:\/\/mppee.gob.ve\/index.php?rest_route=\/wp\/v2\/types\/post"}],"author":[{"embeddable":true,"href":"https:\/\/mppee.gob.ve\/index.php?rest_route=\/wp\/v2\/users\/22"}],"replies":[{"embeddable":true,"href":"https:\/\/mppee.gob.ve\/index.php?rest_route=%2Fwp%2Fv2%2Fcomments&post=99352"}],"version-history":[{"count":2,"href":"https:\/\/mppee.gob.ve\/index.php?rest_route=\/wp\/v2\/posts\/99352\/revisions"}],"predecessor-version":[{"id":99355,"href":"https:\/\/mppee.gob.ve\/index.php?rest_route=\/wp\/v2\/posts\/99352\/revisions\/99355"}],"wp:featuredmedia":[{"embeddable":true,"href":"https:\/\/mppee.gob.ve\/index.php?rest_route=\/wp\/v2\/media\/99353"}],"wp:attachment":[{"href":"https:\/\/mppee.gob.ve\/index.php?rest_route=%2Fwp%2Fv2%2Fmedia&parent=99352"}],"wp:term":[{"taxonomy":"category","embeddable":true,"href":"https:\/\/mppee.gob.ve\/index.php?rest_route=%2Fwp%2Fv2%2Fcategories&post=99352"},{"taxonomy":"post_tag","embeddable":true,"href":"https:\/\/mppee.gob.ve\/index.php?rest_route=%2Fwp%2Fv2%2Ftags&post=99352"}],"curies":[{"name":"wp","href":"https:\/\/api.w.org\/{rel}","templated":true}]}}