{"id":99361,"date":"2025-08-04T15:01:57","date_gmt":"2025-08-04T15:01:57","guid":{"rendered":"https:\/\/mppee.gob.ve\/?p=99361"},"modified":"2025-08-04T15:01:58","modified_gmt":"2025-08-04T15:01:58","slug":"corpoelec-brindara-atencion-integral-en-municipios-paez-araure-y-turen-de-portuguesa","status":"publish","type":"post","link":"https:\/\/mppee.gob.ve\/?p=99361","title":{"rendered":"\u200eCORPOELEC brindar\u00e1 atenci\u00f3n integral en municipios P\u00e1ez, Araure y Tur\u00e9n de Portuguesa"},"content":{"rendered":"\n<p><strong>\u200e\u200eEstado Portuguesa.- <\/strong>Desde el martes 05 hasta el s\u00e1bado 09 de agosto, la Corporaci\u00f3n El\u00e9ctrica Nacional (CORPOELEC), se desplegar\u00e1 a trav\u00e9s de Jornadas Integrales de Atenci\u00f3n al Usuario en sectores de los municipios P\u00e1ez, Araure y Tur\u00e9n, en el estado Portuguesa.<br>\u200e<br>\u200eEl personal estar\u00e1 a disposici\u00f3n de los ciudadanos para actualizar datos, pagar sus facturas, recibir notificaci\u00f3n de deuda y gestionar otros tr\u00e1mites relacionados con el servicio de energ\u00eda.<br>\u200e<br>\u200eLas jornadas se desarrollar\u00e1n en las siguientes direcciones:<br>\u200e<br><strong>\u200eMartes 05 de agosto:<br><\/strong>\u200e- Comunidad Complejo Habitacional Sim\u00f3n Bol\u00edvar, parroquia Acarigua, municipio P\u00e1ez.<br>\u200eHorario: 9:00 a.m a 12:30 p.m<br>\u200e<br>\u200e<br><strong>\u200eMi\u00e9rcoles 06 de agosto:<\/strong><br>\u200e- Comunidad Campo Lindo, sector 3, parroquia Acarigua, municipio P\u00e1ez.<br>\u200eHorario: 9:00 a.m a 3:00 p.m<br>\u200e<br>\u200e- Comunidad Maisanta, parroquia Villa Bruzual, municipio Tur\u00e9n<br>\u200eHorario: 8:30 a.m a 02:00p.m<br>\u200e<br>\u200e<br><strong>\u200eJueves 07 de agosto:<br><\/strong>\u200e- Comunidad Pedro Camejo, sector 1, parroquia Acarigua, municipio P\u00e1ez<br>\u200e Horario: 5:30 p.m a 8:00 p.m<br>\u200e<br><strong>\u200eViernes 08 de agosto:<br><\/strong>\u200e- Comunidad Baraure, sector 1, parroquia Araure, municipio Araure<br>\u200eHorario: 9:00 a.m a 1:00 p.m<br>\u200e<br>\u200e<br><strong>\u200eS\u00e1bado 09 de agosto:<br><\/strong>\u200e- Comunidad La Colonia, parroquia San Isidro Labrador, municipio Tur\u00e9n<br>\u200eHorario: 8:30 a.m a 2:00 p.m<br>\u200e<br>\u200ePara mayor informaci\u00f3n sobre las Jornadas Integrales de Atenci\u00f3n al Usuario, pueden visitar la cuenta @corpoelecinfo en la red social Instagram.<\/p>\n\n\n\n<p><strong>Prensa MPPEE-CORPOELEC<\/strong><\/p>\n","protected":false},"excerpt":{"rendered":"<p>\u200e\u200eEstado Portuguesa.- Desde el martes 05 hasta el s\u00e1bado 09 de agosto, la Corporaci\u00f3n El\u00e9ctrica Nacional (CORPOELEC), se desplegar\u00e1 a<\/p>\n","protected":false},"author":22,"featured_media":98377,"comment_status":"closed","ping_status":"closed","sticky":false,"template":"","format":"standard","meta":{"footnotes":""},"categories":[30],"tags":[2691,11,2725,2744,46],"class_list":["post-99361","post","type-post","status-publish","format-standard","has-post-thumbnail","hentry","category-regionales","tag-corpoelec","tag-mppee","tag-portuguesa","tag-sen","tag-venezuela"],"_links":{"self":[{"href":"https:\/\/mppee.gob.ve\/index.php?rest_route=\/wp\/v2\/posts\/99361","targetHints":{"allow":["GET"]}}],"collection":[{"href":"https:\/\/mppee.gob.ve\/index.php?rest_route=\/wp\/v2\/posts"}],"about":[{"href":"https:\/\/mppee.gob.ve\/index.php?rest_route=\/wp\/v2\/types\/post"}],"author":[{"embeddable":true,"href":"https:\/\/mppee.gob.ve\/index.php?rest_route=\/wp\/v2\/users\/22"}],"replies":[{"embeddable":true,"href":"https:\/\/mppee.gob.ve\/index.php?rest_route=%2Fwp%2Fv2%2Fcomments&post=99361"}],"version-history":[{"count":1,"href":"https:\/\/mppee.gob.ve\/index.php?rest_route=\/wp\/v2\/posts\/99361\/revisions"}],"predecessor-version":[{"id":99362,"href":"https:\/\/mppee.gob.ve\/index.php?rest_route=\/wp\/v2\/posts\/99361\/revisions\/99362"}],"wp:featuredmedia":[{"embeddable":true,"href":"https:\/\/mppee.gob.ve\/index.php?rest_route=\/wp\/v2\/media\/98377"}],"wp:attachment":[{"href":"https:\/\/mppee.gob.ve\/index.php?rest_route=%2Fwp%2Fv2%2Fmedia&parent=99361"}],"wp:term":[{"taxonomy":"category","embeddable":true,"href":"https:\/\/mppee.gob.ve\/index.php?rest_route=%2Fwp%2Fv2%2Fcategories&post=99361"},{"taxonomy":"post_tag","embeddable":true,"href":"https:\/\/mppee.gob.ve\/index.php?rest_route=%2Fwp%2Fv2%2Ftags&post=99361"}],"curies":[{"name":"wp","href":"https:\/\/api.w.org\/{rel}","templated":true}]}}