{"id":99370,"date":"2025-08-04T19:10:23","date_gmt":"2025-08-04T19:10:23","guid":{"rendered":"https:\/\/mppee.gob.ve\/?p=99370"},"modified":"2025-08-04T19:33:03","modified_gmt":"2025-08-04T19:33:03","slug":"sector-electrico-se-suma-al-agosto-de-escuelas-abiertas-en-la-u-e-b-jose-marti","status":"publish","type":"post","link":"https:\/\/mppee.gob.ve\/?p=99370","title":{"rendered":"Sector el\u00e9ctrico se suma al \u201cAgosto de Escuelas Abiertas\u201d en la U.E.B Jos\u00e9 Mart\u00ed"},"content":{"rendered":"\n<p><strong>San Bernardino, Caracas.- <\/strong>Este lunes, la Unidad Educativa Bolivariana \u201cJos\u00e9 Mart\u00ed\u201d, ubicada en el sector Sarr\u00eda de Caracas, abri\u00f3 sus puertas a m\u00e1s de 200 ni\u00f1os y ni\u00f1as para dar inicio al Plan Nacional \u00abAgosto de Escuelas Abiertas 2025\u00bb, iniciativa del Gobierno Nacional que promueve espacios seguros para el esparcimiento, la formaci\u00f3n y la integraci\u00f3n comunitaria durante el periodo vacacional.<\/p>\n\n\n\n<p>En esta edici\u00f3n, el <a href=\"https:\/\/www.instagram.com\/minenergia_ve\/\" data-type=\"link\" data-id=\"https:\/\/www.instagram.com\/minenergia_ve\/\">Ministerio del Poder Popular para la Energ\u00eda El\u00e9ctrica<\/a> y la <a href=\"https:\/\/www.instagram.com\/corpoelecinfo\/\" data-type=\"link\" data-id=\"https:\/\/www.instagram.com\/corpoelecinfo\/\">Corporaci\u00f3n El\u00e9ctrica Nacional (CORPOELEC) <\/a>se sumaron activamente a las actividades educativas y recreativas, que tambi\u00e9n incluye encuentros deportivos, talleres de artes pl\u00e1sticas, juegos tradicionales y din\u00e1micas pedag\u00f3gicas que fomentan el desarrollo integral.<\/p>\n\n\n\n<p>Uno de los ejes centrales del programa es la promoci\u00f3n de la cultura energ\u00e9tica, a trav\u00e9s de actividades l\u00fadicas como el \u201cVuelo seguro del papagayo\u201d, la \u201cRuta de la Energ\u00eda\u201d y talleres sobre energ\u00edas alternativas, orientados al uso racional de los recursos y el respeto por la naturaleza.<\/p>\n\n\n\n<p>La viceministra Eliana Galindo, responsable de la Articulaci\u00f3n y Participaci\u00f3n Social en el Servicio El\u00e9ctrico, destac\u00f3 que en esta ocasi\u00f3n se incorpora el \u201cElectro m\u00f3vil\u201d, estrategia que permite instruir \u201cde manera din\u00e1mica todas las pol\u00edticas de ahorro de energ\u00eda\u201d.<\/p>\n\n\n\n<p>Por su parte, Carmen Elena Mu\u00f1oz, directora de la instituci\u00f3n, expres\u00f3 su entusiasmo por la jornada de \u201cAgosto de Escuelas Abiertas\u201d al destacar que \u201ces un momento de compartir, de nuevas experiencias, de hacer nuevos amigos y disfrutar de actividades que nos brindan diferentes entes presentes en la instituci\u00f3n\u201d.<\/p>\n\n\n\n<p>Los estudiantes tambi\u00e9n compartieron sus impresiones:<\/p>\n\n\n\n<p>Ronny S\u00e1nchez, de 6\u00ba grado, valor\u00f3 la experiencia como una oportunidad para ampliar sus conocimientos en materia de energ\u00eda el\u00e9ctrica.<\/p>\n\n\n\n<p>\u201cNos ense\u00f1aron qu\u00e9 es la electricidad, la importancia de apagar los bombillos cuando salimos de casa y a no malgastar los recursos que tenemos\u201d, apunt\u00f3.<\/p>\n\n\n\n<p>Franmarys L\u00f3pez, tambi\u00e9n de 6\u00ba grado, afirm\u00f3 que \u201cestas actividades nos ayudan a aprender m\u00e1s y a valorar las cosas. Aprendimos que hay que cuidar el agua y tener precauci\u00f3n con los electrodom\u00e9sticos\u201d.<\/p>\n\n\n\n<p>El Plan Nacional \u00abAgosto de Escuelas Abiertas 2025\u00bb se consolida como una alternativa educativa y recreativa que promueve valores, conciencia ambiental y el uso racional de los recursos, en articulaci\u00f3n con m\u00faltiples entes del Estado y el Poder Popular.<\/p>\n\n\n\n<p><strong>Prensa MPPEE \u2013 CORPOELEC \/ Kris Carrasco<\/strong><\/p>\n","protected":false},"excerpt":{"rendered":"<p>San Bernardino, Caracas.- Este lunes, la Unidad Educativa Bolivariana \u201cJos\u00e9 Mart\u00ed\u201d, ubicada en el sector Sarr\u00eda de Caracas, abri\u00f3 sus<\/p>\n","protected":false},"author":24,"featured_media":99371,"comment_status":"closed","ping_status":"closed","sticky":false,"template":"","format":"standard","meta":{"footnotes":""},"categories":[1],"tags":[3207,2691,3208],"class_list":["post-99370","post","type-post","status-publish","format-standard","has-post-thumbnail","hentry","category-mppee","tag-agosto-escuelas-abiertas","tag-corpoelec","tag-electro-movil"],"_links":{"self":[{"href":"https:\/\/mppee.gob.ve\/index.php?rest_route=\/wp\/v2\/posts\/99370","targetHints":{"allow":["GET"]}}],"collection":[{"href":"https:\/\/mppee.gob.ve\/index.php?rest_route=\/wp\/v2\/posts"}],"about":[{"href":"https:\/\/mppee.gob.ve\/index.php?rest_route=\/wp\/v2\/types\/post"}],"author":[{"embeddable":true,"href":"https:\/\/mppee.gob.ve\/index.php?rest_route=\/wp\/v2\/users\/24"}],"replies":[{"embeddable":true,"href":"https:\/\/mppee.gob.ve\/index.php?rest_route=%2Fwp%2Fv2%2Fcomments&post=99370"}],"version-history":[{"count":2,"href":"https:\/\/mppee.gob.ve\/index.php?rest_route=\/wp\/v2\/posts\/99370\/revisions"}],"predecessor-version":[{"id":99374,"href":"https:\/\/mppee.gob.ve\/index.php?rest_route=\/wp\/v2\/posts\/99370\/revisions\/99374"}],"wp:featuredmedia":[{"embeddable":true,"href":"https:\/\/mppee.gob.ve\/index.php?rest_route=\/wp\/v2\/media\/99371"}],"wp:attachment":[{"href":"https:\/\/mppee.gob.ve\/index.php?rest_route=%2Fwp%2Fv2%2Fmedia&parent=99370"}],"wp:term":[{"taxonomy":"category","embeddable":true,"href":"https:\/\/mppee.gob.ve\/index.php?rest_route=%2Fwp%2Fv2%2Fcategories&post=99370"},{"taxonomy":"post_tag","embeddable":true,"href":"https:\/\/mppee.gob.ve\/index.php?rest_route=%2Fwp%2Fv2%2Ftags&post=99370"}],"curies":[{"name":"wp","href":"https:\/\/api.w.org\/{rel}","templated":true}]}}