{"id":99375,"date":"2025-08-05T00:51:21","date_gmt":"2025-08-05T00:51:21","guid":{"rendered":"https:\/\/mppee.gob.ve\/?p=99375"},"modified":"2025-08-05T14:53:28","modified_gmt":"2025-08-05T14:53:28","slug":"gobierno-nacional-atendio-en-tiempo-record-a-comunidades-afectadas-por-las-lluvias","status":"publish","type":"post","link":"https:\/\/mppee.gob.ve\/?p=99375","title":{"rendered":"Gobierno Nacional atendi\u00f3 en tiempo r\u00e9cord a comunidades afectadas por las lluvias"},"content":{"rendered":"\n<p><\/p>\n\n\n\n<p><strong>Palacio de Miraflores, Caracas.- <\/strong>De manera inmediata, el Gobierno Nacional ha brindado atenci\u00f3n integral a las familias que se han visto severamente afectadas por el aumento de los caudales de los r\u00edos ubicados en Los Andes y Los Llanos venezolanos, como consecuencia de las lluvias provocadas por el cambio clim\u00e1tico.<\/p>\n\n\n\n<p>As\u00ed lo manifest\u00f3 el presidente de la Rep\u00fablica, Nicol\u00e1s Maduro, durante el segmento Zona Digital de su programa televisivo Con Maduro +.<\/p>\n\n\n\n<p>El mandatario nacional extendi\u00f3 su agradecimiento por el compromiso y esfuerzo de las comunidades, que, junto a su equipo de gobierno y funcionarios de seguridad, conforman el engranaje perfecto para dar respuesta a quienes m\u00e1s lo necesitan durante esta contingencia.<\/p>\n\n\n\n<p>\u00abQuiero agradecer al compa\u00f1ero vicepresidente de Obras P\u00fablicas y ministro de Energ\u00eda El\u00e9ctrica, Jorge M\u00e1rquez; al ministro de Transporte, (Ram\u00f3n) Vel\u00e1squez Araguay\u00e1n, al ministro de Obras P\u00fablicas, compa\u00f1ero Juan Jos\u00e9 Ram\u00edrez; ministro de Vivienda, (Ra\u00fal) Paredes, al ministro (Carlos) Leal Teller\u00eda de Alimentaci\u00f3n porque se han ido al terreno a vivir con la gente, a atender a la gente, a todo el Poder Popular, a las comunas, a los circuitos comunales a lo largo y ancho de ese llano inundado donde hemos tomado medidas en tiempo r\u00e9cord, puente que se cae, puente que reponemos\u00bb, enfatiz\u00f3.<\/p>\n\n\n\n<p>Destac\u00f3 que en el despliegue se ha priorizado el acceso de la poblaci\u00f3n a insumos de primera necesidad, entre ellos: alimentos, agua potable, medicinas y combustible.<\/p>\n\n\n\n<p>\u00abEn el caso de Los Llanos, que han sido los m\u00e1s afectados en las \u00faltimas tres semanas, hemos tenido inundaciones incre\u00edbles y hemos tenido que tomar -en tiempo real- medidas para mitigar el crecimiento de los r\u00edos\u00bb, agreg\u00f3.<\/p>\n\n\n\n<p>Recientemente, en el municipio San Jer\u00f3nimo de Guayabal, en el estado Gu\u00e1rico, \u00abse han tomado todas las medidas para atender a la poblaci\u00f3n, para que tengan los combustibles y no le falte la comida, no le falte el agua y se tomen las medidas de mitigaci\u00f3n\u00bb.<\/p>\n\n\n\n<p>Dado que el periodo de lluvias no ha cesado, Maduro puntualiz\u00f3 que se mantendr\u00e1n en el terreno y continuar\u00e1n perfeccionando el Plan de Mitigaci\u00f3n de Riesgos para evitar nuevas inundaciones.<\/p>\n\n\n\n<p>Prensa MPPEE-CORPOELEC \/ Mar\u00eda Mercedes Noguera<\/p>\n","protected":false},"excerpt":{"rendered":"<p>Palacio de Miraflores, Caracas.- De manera inmediata, el Gobierno Nacional ha brindado atenci\u00f3n integral a las familias que se han<\/p>\n","protected":false},"author":24,"featured_media":99376,"comment_status":"closed","ping_status":"closed","sticky":false,"template":"","format":"standard","meta":{"footnotes":""},"categories":[15],"tags":[3209,2763,3210,3059,2714],"class_list":["post-99375","post","type-post","status-publish","format-standard","has-post-thumbnail","hentry","category-nacionales","tag-andes","tag-jorge-marquez","tag-llanos","tag-lluvias","tag-nicolas-maduro"],"_links":{"self":[{"href":"https:\/\/mppee.gob.ve\/index.php?rest_route=\/wp\/v2\/posts\/99375","targetHints":{"allow":["GET"]}}],"collection":[{"href":"https:\/\/mppee.gob.ve\/index.php?rest_route=\/wp\/v2\/posts"}],"about":[{"href":"https:\/\/mppee.gob.ve\/index.php?rest_route=\/wp\/v2\/types\/post"}],"author":[{"embeddable":true,"href":"https:\/\/mppee.gob.ve\/index.php?rest_route=\/wp\/v2\/users\/24"}],"replies":[{"embeddable":true,"href":"https:\/\/mppee.gob.ve\/index.php?rest_route=%2Fwp%2Fv2%2Fcomments&post=99375"}],"version-history":[{"count":1,"href":"https:\/\/mppee.gob.ve\/index.php?rest_route=\/wp\/v2\/posts\/99375\/revisions"}],"predecessor-version":[{"id":99377,"href":"https:\/\/mppee.gob.ve\/index.php?rest_route=\/wp\/v2\/posts\/99375\/revisions\/99377"}],"wp:featuredmedia":[{"embeddable":true,"href":"https:\/\/mppee.gob.ve\/index.php?rest_route=\/wp\/v2\/media\/99376"}],"wp:attachment":[{"href":"https:\/\/mppee.gob.ve\/index.php?rest_route=%2Fwp%2Fv2%2Fmedia&parent=99375"}],"wp:term":[{"taxonomy":"category","embeddable":true,"href":"https:\/\/mppee.gob.ve\/index.php?rest_route=%2Fwp%2Fv2%2Fcategories&post=99375"},{"taxonomy":"post_tag","embeddable":true,"href":"https:\/\/mppee.gob.ve\/index.php?rest_route=%2Fwp%2Fv2%2Ftags&post=99375"}],"curies":[{"name":"wp","href":"https:\/\/api.w.org\/{rel}","templated":true}]}}