{"id":99379,"date":"2025-08-05T15:11:23","date_gmt":"2025-08-05T15:11:23","guid":{"rendered":"https:\/\/mppee.gob.ve\/?p=99379"},"modified":"2025-08-05T15:11:24","modified_gmt":"2025-08-05T15:11:24","slug":"corpoelec-mejora-alumbrado-publico-en-comunidades-de-valles-del-tuy","status":"publish","type":"post","link":"https:\/\/mppee.gob.ve\/?p=99379","title":{"rendered":"CORPOELEC mejora alumbrado p\u00fablico en comunidades de Valles del Tuy"},"content":{"rendered":"\n<p><strong>Estado Miranda.-<\/strong> La <a href=\"https:\/\/www.instagram.com\/corpoelecinfo\/\" data-type=\"link\" data-id=\"https:\/\/www.instagram.com\/corpoelecinfo\/\">Corporaci\u00f3n El\u00e9ctrica Nacional (CORPOELEC) <\/a>instal\u00f3 101 luminarias LED en comunidades del eje Valles del Tuy, beneficiando a 18 mil 392 habitantes<strong> <\/strong>del estado Miranda.<\/p>\n\n\n\n<p>Las cuadrillas t\u00e9cnicas realizaron maniobras para la colocaci\u00f3n de l\u00e1mparas de alta eficiencia en los sectores Santa B\u00e1rbara de la Tortuga, calle Bol\u00edvar, Sucre y Urdaneta II, Mopia I y II, y Cartanal, mejorando la visibilidad nocturna y fortaleciendo la seguridad ciudadana.<\/p>\n\n\n\n<p>CORPOELEC reafirma su compromiso con la mejora continua del servicio el\u00e9ctrico, atendiendo de forma oportuna las solicitudes comunitarias y contribuyendo al bienestar de los venezolanos.<\/p>\n\n\n\n<p><strong>Prensa MPPEE &#8211; CORPOELEC<\/strong><\/p>\n\n\n\n<p><\/p>\n","protected":false},"excerpt":{"rendered":"<p>Estado Miranda.- La Corporaci\u00f3n El\u00e9ctrica Nacional (CORPOELEC) instal\u00f3 101 luminarias LED en comunidades del eje Valles del Tuy, beneficiando a<\/p>\n","protected":false},"author":24,"featured_media":99380,"comment_status":"closed","ping_status":"closed","sticky":false,"template":"","format":"standard","meta":{"footnotes":""},"categories":[30],"tags":[2771,2691,2709,2905],"class_list":["post-99379","post","type-post","status-publish","format-standard","has-post-thumbnail","hentry","category-regionales","tag-alumbrado-publico","tag-corpoelec","tag-miranda","tag-valles-del-tuy"],"_links":{"self":[{"href":"https:\/\/mppee.gob.ve\/index.php?rest_route=\/wp\/v2\/posts\/99379","targetHints":{"allow":["GET"]}}],"collection":[{"href":"https:\/\/mppee.gob.ve\/index.php?rest_route=\/wp\/v2\/posts"}],"about":[{"href":"https:\/\/mppee.gob.ve\/index.php?rest_route=\/wp\/v2\/types\/post"}],"author":[{"embeddable":true,"href":"https:\/\/mppee.gob.ve\/index.php?rest_route=\/wp\/v2\/users\/24"}],"replies":[{"embeddable":true,"href":"https:\/\/mppee.gob.ve\/index.php?rest_route=%2Fwp%2Fv2%2Fcomments&post=99379"}],"version-history":[{"count":1,"href":"https:\/\/mppee.gob.ve\/index.php?rest_route=\/wp\/v2\/posts\/99379\/revisions"}],"predecessor-version":[{"id":99381,"href":"https:\/\/mppee.gob.ve\/index.php?rest_route=\/wp\/v2\/posts\/99379\/revisions\/99381"}],"wp:featuredmedia":[{"embeddable":true,"href":"https:\/\/mppee.gob.ve\/index.php?rest_route=\/wp\/v2\/media\/99380"}],"wp:attachment":[{"href":"https:\/\/mppee.gob.ve\/index.php?rest_route=%2Fwp%2Fv2%2Fmedia&parent=99379"}],"wp:term":[{"taxonomy":"category","embeddable":true,"href":"https:\/\/mppee.gob.ve\/index.php?rest_route=%2Fwp%2Fv2%2Fcategories&post=99379"},{"taxonomy":"post_tag","embeddable":true,"href":"https:\/\/mppee.gob.ve\/index.php?rest_route=%2Fwp%2Fv2%2Ftags&post=99379"}],"curies":[{"name":"wp","href":"https:\/\/api.w.org\/{rel}","templated":true}]}}