{"id":99407,"date":"2025-08-06T14:30:47","date_gmt":"2025-08-06T14:30:47","guid":{"rendered":"https:\/\/mppee.gob.ve\/?p=99407"},"modified":"2025-08-07T15:41:47","modified_gmt":"2025-08-07T15:41:47","slug":"tachirenses-reciben-atencion-personalizada-desde-este-miercoles-detalles","status":"publish","type":"post","link":"https:\/\/mppee.gob.ve\/?p=99407","title":{"rendered":"Tachirenses reciben atenci\u00f3n personalizada desde este mi\u00e9rcoles (+Detalles)"},"content":{"rendered":"\n<p><strong>Estado T\u00e1chira.-<\/strong> La <a href=\"https:\/\/www.instagram.com\/corpoelecinfo\/\" data-type=\"link\" data-id=\"https:\/\/www.instagram.com\/corpoelecinfo\/\">Corporaci\u00f3n El\u00e9ctrica Nacional (CORPOELEC)<\/a> desplegar\u00e1, desde este mi\u00e9rcoles 6 hasta el s\u00e1bado 9 de agosto, Jornadas Integrales de Atenci\u00f3n al Usuario en 15 municipios del estado T\u00e1chira.<\/p>\n\n\n\n<p>Durante estas jornadas, los asistentes podr\u00e1n consultar su saldo, recibir asesor\u00eda sobre el servicio el\u00e9ctrico, actualizar sus datos y realizar pagos a trav\u00e9s de puntos de venta.<\/p>\n\n\n\n<p>Los puntos de atenci\u00f3n estar\u00e1n habilitados en los Centros Integrales de Atenci\u00f3n al Usuario (CIAU), en horario comprendido entre las 8:00 de la ma\u00f1ana y las 4:00 de la tarde. A continuaci\u00f3n, conozca a detalle la ubicaci\u00f3n:<\/p>\n\n\n\n<p><strong>Mi\u00e9rcoles 6 de agosto<\/strong><\/p>\n\n\n\n<ul class=\"wp-block-list\">\n<li><strong>Garc\u00eda de Hevia:<\/strong> Urbanizaci\u00f3n Ra\u00fal Leoni \u2013 Francisco de Miranda (La Fr\u00eda).<\/li>\n\n\n\n<li><strong>C\u00f3rdoba:<\/strong> Casco central (Santa Ana).<\/li>\n\n\n\n<li><strong>Uribante:<\/strong> Carreras 1 y 2 del casco central (Pregonero).<\/li>\n\n\n\n<li><strong>Pedro Mar\u00eda Ure\u00f1a:<\/strong> Sector La Guaira (Ure\u00f1a).<\/li>\n\n\n\n<li><strong>Ayacucho:<\/strong> Sector La Carbonera (Col\u00f3n).<\/li>\n\n\n\n<li><strong>San Crist\u00f3bal:<\/strong> Las Acacias, Riveras del Torbes, carreras 4 y 8 (La Concordia).<\/li>\n\n\n\n<li><strong>Panamericano:<\/strong> Sector San Pedro (Coloncito).<\/li>\n\n\n\n<li><strong>Rafael Urdaneta:<\/strong> Casco central (Delicias).<\/li>\n\n\n\n<li><strong>Jun\u00edn:<\/strong> Sector Fiqueros y Bloques (Rubio).<\/li>\n\n\n\n<li><strong>Fern\u00e1ndez Feo:<\/strong> Calle 3 (El Pi\u00f1al).<\/li>\n\n\n\n<li><strong>Gu\u00e1simos:<\/strong> Sector Patiecitos.<\/li>\n<\/ul>\n\n\n\n<p><strong>Jueves 7 de Agosto<\/strong><\/p>\n\n\n\n<ul class=\"wp-block-list\">\n<li><strong>Garc\u00eda de Hevia:<\/strong> Carrera 11 del casco central (La Fr\u00eda).<\/li>\n\n\n\n<li><strong>C\u00f3rdoba:<\/strong> Casco central (Santa Ana).<\/li>\n\n\n\n<li><strong>Bol\u00edvar:<\/strong> Calle 10 hasta avenida Venezuela (San Antonio).<\/li>\n\n\n\n<li><strong>Uribante:<\/strong> Carreras 1, 2 y 3 del casco central (Pregonero).<\/li>\n\n\n\n<li><strong>Pedro Mar\u00eda Ure\u00f1a:<\/strong> Urbanizaci\u00f3n Sim\u00f3n Bol\u00edvar (Ure\u00f1a).<\/li>\n\n\n\n<li><strong>J\u00e1uregui:<\/strong> Calle 4 (La Grita).<\/li>\n\n\n\n<li><strong>Ayacucho:<\/strong> Barrio Los Guamos (Col\u00f3n).<\/li>\n\n\n\n<li><strong>San Crist\u00f3bal:<\/strong> Barrio Obrero (carreras 21 y 23), Barrio El Lago, carreras 4, 7 y 9.<\/li>\n\n\n\n<li><strong>Panamericano:<\/strong> Sector 19 de Abril (Coloncito).<\/li>\n\n\n\n<li><strong>Independencia:<\/strong> Sectores Llanito y La Laja (Capacho Nuevo).<\/li>\n\n\n\n<li><strong>Rafael Urdaneta:<\/strong> Casco central (Delicias).<\/li>\n\n\n\n<li><strong>Jun\u00edn:<\/strong> Sectores Ca\u00f1averal y Cafetal (Rubio).<\/li>\n\n\n\n<li><strong>Gu\u00e1simos:<\/strong> Casco de Palmira.<\/li>\n<\/ul>\n\n\n\n<p><strong>Viernes 8 de Agosto<\/strong><\/p>\n\n\n\n<ul class=\"wp-block-list\">\n<li><strong>Garc\u00eda de Hevia:<\/strong> Casco central y calle 4 (La Fr\u00eda).<\/li>\n\n\n\n<li><strong>C\u00f3rdoba:<\/strong> Casco central (Santa Ana).<\/li>\n\n\n\n<li><strong>Pedro Mar\u00eda Ure\u00f1a:<\/strong> Sector centro (Ure\u00f1a).<\/li>\n\n\n\n<li><strong>Fern\u00e1ndez Feo:<\/strong> Carreras 2 y 3 (El Pi\u00f1al).<\/li>\n\n\n\n<li><strong>Sucre:<\/strong> Plaza Eleazar L\u00f3pez Contreras (Queniquea).<\/li>\n\n\n\n<li><strong>Ayacucho:<\/strong> Barrio Santa Rita (Col\u00f3n).<\/li>\n\n\n\n<li><strong>San Crist\u00f3bal:<\/strong> Barrio Obrero (carreras 24, 25), La Y, calle 12 Las Flores, Cementerio Metropolitano.<\/li>\n\n\n\n<li><strong>Jun\u00edn:<\/strong> Sector Misia Julia \u2013 Escuela Ra\u00fal Leoni (Rubio).<\/li>\n\n\n\n<li><strong>C\u00e1rdenas:<\/strong> Sector Tucap\u00e9 (T\u00e1riba).<\/li>\n<\/ul>\n\n\n\n<p><strong>S\u00e1bado 9 de Agosto<\/strong><\/p>\n\n\n\n<ul class=\"wp-block-list\">\n<li><strong>Jun\u00edn:<\/strong> Sector La Gloria de La Palmita (Rubio).<\/li>\n<\/ul>\n\n\n\n<p>Para m\u00e1s informaci\u00f3n sobre las Jornadas Integrales de Atenci\u00f3n al Usuario, puede consultar la cuenta&nbsp;<a href=\"https:\/\/www.instagram.com\/corpoelecinfo\/\">@corpoelecinfo&nbsp;<\/a>en Instagram o visitar la p\u00e1gina<a href=\"https:\/\/www.facebook.com\/Corpoelecinfo\">&nbsp;Corpoelec Informa&nbsp;<\/a>en Facebook.<\/p>\n\n\n\n<p><strong>Prensa MPPEE \u2013 CORPOELEC<\/strong><\/p>\n","protected":false},"excerpt":{"rendered":"<p>Estado T\u00e1chira.- La Corporaci\u00f3n El\u00e9ctrica Nacional (CORPOELEC) desplegar\u00e1, desde este mi\u00e9rcoles 6 hasta el s\u00e1bado 9 de agosto, Jornadas Integrales<\/p>\n","protected":false},"author":24,"featured_media":98309,"comment_status":"closed","ping_status":"closed","sticky":false,"template":"","format":"standard","meta":{"footnotes":""},"categories":[30],"tags":[2691,2700,3069],"class_list":["post-99407","post","type-post","status-publish","format-standard","has-post-thumbnail","hentry","category-regionales","tag-corpoelec","tag-tachira","tag-usuarios"],"_links":{"self":[{"href":"https:\/\/mppee.gob.ve\/index.php?rest_route=\/wp\/v2\/posts\/99407","targetHints":{"allow":["GET"]}}],"collection":[{"href":"https:\/\/mppee.gob.ve\/index.php?rest_route=\/wp\/v2\/posts"}],"about":[{"href":"https:\/\/mppee.gob.ve\/index.php?rest_route=\/wp\/v2\/types\/post"}],"author":[{"embeddable":true,"href":"https:\/\/mppee.gob.ve\/index.php?rest_route=\/wp\/v2\/users\/24"}],"replies":[{"embeddable":true,"href":"https:\/\/mppee.gob.ve\/index.php?rest_route=%2Fwp%2Fv2%2Fcomments&post=99407"}],"version-history":[{"count":2,"href":"https:\/\/mppee.gob.ve\/index.php?rest_route=\/wp\/v2\/posts\/99407\/revisions"}],"predecessor-version":[{"id":99431,"href":"https:\/\/mppee.gob.ve\/index.php?rest_route=\/wp\/v2\/posts\/99407\/revisions\/99431"}],"wp:featuredmedia":[{"embeddable":true,"href":"https:\/\/mppee.gob.ve\/index.php?rest_route=\/wp\/v2\/media\/98309"}],"wp:attachment":[{"href":"https:\/\/mppee.gob.ve\/index.php?rest_route=%2Fwp%2Fv2%2Fmedia&parent=99407"}],"wp:term":[{"taxonomy":"category","embeddable":true,"href":"https:\/\/mppee.gob.ve\/index.php?rest_route=%2Fwp%2Fv2%2Fcategories&post=99407"},{"taxonomy":"post_tag","embeddable":true,"href":"https:\/\/mppee.gob.ve\/index.php?rest_route=%2Fwp%2Fv2%2Ftags&post=99407"}],"curies":[{"name":"wp","href":"https:\/\/api.w.org\/{rel}","templated":true}]}}