{"id":99413,"date":"2025-08-06T15:52:03","date_gmt":"2025-08-06T15:52:03","guid":{"rendered":"https:\/\/mppee.gob.ve\/?p=99413"},"modified":"2025-08-06T15:52:04","modified_gmt":"2025-08-06T15:52:04","slug":"despliegan-acciones-preventivas-y-correctivas-en-el-eje-carretero-sur-de-autana","status":"publish","type":"post","link":"https:\/\/mppee.gob.ve\/?p=99413","title":{"rendered":"Despliegan acciones preventivas y correctivas en el eje carretero sur de Autana"},"content":{"rendered":"\n<p><strong>Estado Amazonas.-<\/strong> La Corporaci\u00f3n El\u00e9ctrica Nacional (CORPOELEC), en articulaci\u00f3n con la Alcald\u00eda del municipio Autana, realiz\u00f3 maniobras correctivas y preventivas en el eje carretero sur para optimizar el suministro el\u00e9ctrico en el estado Amazonas.<\/p>\n\n\n\n<p>La intervenci\u00f3n incluy\u00f3 el despeje, recuperaci\u00f3n y retensado de m\u00e1s de 800 metros de l\u00edneas de distribuci\u00f3n en media tensi\u00f3n, as\u00ed como la sustituci\u00f3n de crucetas, aisladores, pararrayos y retenidas.<\/p>\n\n\n\n<p>Gracias al despliegue inmediato, se restableci\u00f3 en tiempo r\u00e9cord el servicio el\u00e9ctrico y el tr\u00e1nsito entre los municipios Atures y Autana, despu\u00e9s de las fuertes precipitaciones registradas en la zona.<\/p>\n\n\n\n<p>Estas acciones responden a las directrices del presidente de la Rep\u00fablica, Nicol\u00e1s Maduro, quien ha instruido garantizar la continuidad de los servicios p\u00fablicos frente a la situaci\u00f3n generada por el cambio clim\u00e1tico.<\/p>\n\n\n\n<p><strong>Prensa MPPEE &#8211; CORPOELEC<\/strong><\/p>\n\n\n\n<p><\/p>\n","protected":false},"excerpt":{"rendered":"<p>Estado Amazonas.- La Corporaci\u00f3n El\u00e9ctrica Nacional (CORPOELEC), en articulaci\u00f3n con la Alcald\u00eda del municipio Autana, realiz\u00f3 maniobras correctivas y preventivas<\/p>\n","protected":false},"author":24,"featured_media":99414,"comment_status":"closed","ping_status":"closed","sticky":false,"template":"","format":"standard","meta":{"footnotes":""},"categories":[30],"tags":[2740,2911,2912,2691,3059],"class_list":["post-99413","post","type-post","status-publish","format-standard","has-post-thumbnail","hentry","category-regionales","tag-amazonas","tag-atures","tag-autana","tag-corpoelec","tag-lluvias"],"_links":{"self":[{"href":"https:\/\/mppee.gob.ve\/index.php?rest_route=\/wp\/v2\/posts\/99413","targetHints":{"allow":["GET"]}}],"collection":[{"href":"https:\/\/mppee.gob.ve\/index.php?rest_route=\/wp\/v2\/posts"}],"about":[{"href":"https:\/\/mppee.gob.ve\/index.php?rest_route=\/wp\/v2\/types\/post"}],"author":[{"embeddable":true,"href":"https:\/\/mppee.gob.ve\/index.php?rest_route=\/wp\/v2\/users\/24"}],"replies":[{"embeddable":true,"href":"https:\/\/mppee.gob.ve\/index.php?rest_route=%2Fwp%2Fv2%2Fcomments&post=99413"}],"version-history":[{"count":1,"href":"https:\/\/mppee.gob.ve\/index.php?rest_route=\/wp\/v2\/posts\/99413\/revisions"}],"predecessor-version":[{"id":99415,"href":"https:\/\/mppee.gob.ve\/index.php?rest_route=\/wp\/v2\/posts\/99413\/revisions\/99415"}],"wp:featuredmedia":[{"embeddable":true,"href":"https:\/\/mppee.gob.ve\/index.php?rest_route=\/wp\/v2\/media\/99414"}],"wp:attachment":[{"href":"https:\/\/mppee.gob.ve\/index.php?rest_route=%2Fwp%2Fv2%2Fmedia&parent=99413"}],"wp:term":[{"taxonomy":"category","embeddable":true,"href":"https:\/\/mppee.gob.ve\/index.php?rest_route=%2Fwp%2Fv2%2Fcategories&post=99413"},{"taxonomy":"post_tag","embeddable":true,"href":"https:\/\/mppee.gob.ve\/index.php?rest_route=%2Fwp%2Fv2%2Ftags&post=99413"}],"curies":[{"name":"wp","href":"https:\/\/api.w.org\/{rel}","templated":true}]}}