{"id":99430,"date":"2025-08-07T15:52:23","date_gmt":"2025-08-07T15:52:23","guid":{"rendered":"https:\/\/mppee.gob.ve\/?p=99430"},"modified":"2025-08-07T15:52:24","modified_gmt":"2025-08-07T15:52:24","slug":"brindaran-asesoria-integral-a-usuarios-de-municipios-rondon-monagas-y-santa-maria-de-guarico","status":"publish","type":"post","link":"https:\/\/mppee.gob.ve\/?p=99430","title":{"rendered":"Brindar\u00e1n asesor\u00eda integral a usuarios de municipios Rond\u00f3n, Monagas y Santa Mar\u00eda de Gu\u00e1rico"},"content":{"rendered":"\n<p><strong>Estado Gu\u00e1rico.- <\/strong>Este viernes, 08 de agosto, la <a href=\"https:\/\/www.instagram.com\/corpoelecinfo\/\" data-type=\"link\" data-id=\"https:\/\/www.instagram.com\/corpoelecinfo\/\">Corporaci\u00f3n El\u00e9ctrica Nacional (CORPOELEC) <\/a>desplegar\u00e1 jornadas de atenci\u00f3n a usuarios de los municipios Juan Jos\u00e9 Rond\u00f3n, Jos\u00e9 Tadeo Monagas y Santa Mar\u00eda de Ipire en el estado Gu\u00e1rico.<\/p>\n\n\n\n<p>Los asistentes podr\u00e1n actualizar datos, recibir notificaci\u00f3n de deuda, gestionar tr\u00e1mites relacionados al servicio el\u00e9ctrico y pagar sus facturas a trav\u00e9s de puntos de venta autorizados.<\/p>\n\n\n\n<p>El personal laborar\u00e1 de 08:00 de la ma\u00f1ana a 03:00 de la tarde y estar\u00e1 ubicado en:<\/p>\n\n\n\n<ul class=\"wp-block-list\">\n<li><strong>Municipio Jos\u00e9 Tadeo Monagas. <\/strong>Sector El Diamante, calles 1 a la 18, parroquia Altagracia de Orituco.<\/li>\n\n\n\n<li><strong>Municipio Santa Mar\u00eda de Ipire.<\/strong> Sector Banco Obrero, calle Laguna Vieja y calle M\u00e9rida.<\/li>\n\n\n\n<li><strong>Municipio Juan Jos\u00e9 Rond\u00f3n. <\/strong>Sector Santa Teresa, parroquia Las Mercedes del Llano.<\/li>\n<\/ul>\n\n\n\n<p>Para m\u00e1s informaci\u00f3n sobre las Jornadas Integrales de Atenci\u00f3n al Usuario, puede consultar la cuenta&nbsp;<a href=\"https:\/\/www.instagram.com\/corpoelecinfo\/\">@corpoelecinfo&nbsp;<\/a>en Instagram o visitar la p\u00e1gina<a href=\"https:\/\/www.facebook.com\/Corpoelecinfo\">&nbsp;Corpoelec Informa&nbsp;<\/a>en Facebook.<\/p>\n\n\n\n<p><strong>Prensa MPPEE \u2013 CORPOELEC<\/strong><\/p>\n\n\n\n<p><\/p>\n","protected":false},"excerpt":{"rendered":"<p>Estado Gu\u00e1rico.- Este viernes, 08 de agosto, la Corporaci\u00f3n El\u00e9ctrica Nacional (CORPOELEC) desplegar\u00e1 jornadas de atenci\u00f3n a usuarios de los<\/p>\n","protected":false},"author":24,"featured_media":98317,"comment_status":"closed","ping_status":"closed","sticky":false,"template":"","format":"standard","meta":{"footnotes":""},"categories":[30],"tags":[2758,2691,2729,2769],"class_list":["post-99430","post","type-post","status-publish","format-standard","has-post-thumbnail","hentry","category-regionales","tag-atencion","tag-corpoelec","tag-guarico","tag-usuario"],"_links":{"self":[{"href":"https:\/\/mppee.gob.ve\/index.php?rest_route=\/wp\/v2\/posts\/99430","targetHints":{"allow":["GET"]}}],"collection":[{"href":"https:\/\/mppee.gob.ve\/index.php?rest_route=\/wp\/v2\/posts"}],"about":[{"href":"https:\/\/mppee.gob.ve\/index.php?rest_route=\/wp\/v2\/types\/post"}],"author":[{"embeddable":true,"href":"https:\/\/mppee.gob.ve\/index.php?rest_route=\/wp\/v2\/users\/24"}],"replies":[{"embeddable":true,"href":"https:\/\/mppee.gob.ve\/index.php?rest_route=%2Fwp%2Fv2%2Fcomments&post=99430"}],"version-history":[{"count":1,"href":"https:\/\/mppee.gob.ve\/index.php?rest_route=\/wp\/v2\/posts\/99430\/revisions"}],"predecessor-version":[{"id":99432,"href":"https:\/\/mppee.gob.ve\/index.php?rest_route=\/wp\/v2\/posts\/99430\/revisions\/99432"}],"wp:featuredmedia":[{"embeddable":true,"href":"https:\/\/mppee.gob.ve\/index.php?rest_route=\/wp\/v2\/media\/98317"}],"wp:attachment":[{"href":"https:\/\/mppee.gob.ve\/index.php?rest_route=%2Fwp%2Fv2%2Fmedia&parent=99430"}],"wp:term":[{"taxonomy":"category","embeddable":true,"href":"https:\/\/mppee.gob.ve\/index.php?rest_route=%2Fwp%2Fv2%2Fcategories&post=99430"},{"taxonomy":"post_tag","embeddable":true,"href":"https:\/\/mppee.gob.ve\/index.php?rest_route=%2Fwp%2Fv2%2Ftags&post=99430"}],"curies":[{"name":"wp","href":"https:\/\/api.w.org\/{rel}","templated":true}]}}