{"id":99450,"date":"2025-08-08T15:02:41","date_gmt":"2025-08-08T15:02:41","guid":{"rendered":"https:\/\/mppee.gob.ve\/?p=99450"},"modified":"2025-08-08T15:02:42","modified_gmt":"2025-08-08T15:02:42","slug":"desplegaran-asesoria-personalizada-para-usuarios-apurenos-informacion","status":"publish","type":"post","link":"https:\/\/mppee.gob.ve\/?p=99450","title":{"rendered":"Desplegar\u00e1n asesor\u00eda personalizada para usuarios apure\u00f1os (+Informaci\u00f3n)"},"content":{"rendered":"\n<p><strong>Estado Apure.- <\/strong>Este s\u00e1bado 09 de agosto, la <a href=\"https:\/\/www.instagram.com\/corpoelecinfo\/\" data-type=\"link\" data-id=\"https:\/\/www.instagram.com\/corpoelecinfo\/\">Corporaci\u00f3n El\u00e9ctrica Nacional (CORPOELEC) <\/a>se desplegar\u00e1 en los municipios San Fernando, Biruaca, Mu\u00f1oz, R\u00f3mulo Gallegos y P\u00e1ez del estado Apure, como parte de las Jornadas Integrales de Atenci\u00f3n al Usuario.<\/p>\n\n\n\n<p>Durante la jornada, los ciudadanos podr\u00e1n actualizar sus datos, cancelar facturas, recibir notificaci\u00f3n de deuda y gestionar tr\u00e1mites relacionados con el servicio el\u00e9ctrico.<\/p>\n\n\n\n<p>Los agentes comerciales brindar\u00e1n atenci\u00f3n desde las 8:00 de la ma\u00f1ana hasta las 2:00 de la tarde en las siguientes ubicaciones:<\/p>\n\n\n\n<ul class=\"wp-block-list\">\n<li>Sector Centro, parroquia San Fernando, municipio San Fernando.<\/li>\n<\/ul>\n\n\n\n<ul class=\"wp-block-list\">\n<li>Sector Centro, parroquia Biruaca, municipio Biruaca.<\/li>\n<\/ul>\n\n\n\n<ul class=\"wp-block-list\">\n<li>Avenida Los Centauros, parroquia Achaguas, municipio Achaguas.<\/li>\n<\/ul>\n\n\n\n<ul class=\"wp-block-list\">\n<li>Sector Centro de Mantecal, parroquia Mantecal, municipio Mu\u00f1oz.<\/li>\n<\/ul>\n\n\n\n<ul class=\"wp-block-list\">\n<li>Paseo Alma Llanera, parroquia Elorza, municipio R\u00f3mulo Gallegos.<\/li>\n<\/ul>\n\n\n\n<ul class=\"wp-block-list\">\n<li>Avenida Miranda, parroquia Guasdualito, municipio P\u00e1ez.<\/li>\n<\/ul>\n\n\n\n<ul class=\"wp-block-list\">\n<li>Avenida San Camilo, parroquia San Camilo, municipio P\u00e1ez.<\/li>\n<\/ul>\n\n\n\n<p>Para m\u00e1s informaci\u00f3n sobre las Jornadas Integrales de Atenci\u00f3n al Usuario, puede consultar la cuenta\u00a0<a href=\"https:\/\/www.instagram.com\/corpoelecinfo\/\">@corpoelecinfo\u00a0<\/a>en Instagram o visitar la p\u00e1gina<a href=\"https:\/\/www.facebook.com\/Corpoelecinfo\">\u00a0Corpoelec Informa\u00a0<\/a>en Facebook.<\/p>\n\n\n\n<p><strong>Prensa MPPEE &#8211; CORPOELEC<\/strong><\/p>\n\n\n\n<p><\/p>\n","protected":false},"excerpt":{"rendered":"<p>Estado Apure.- Este s\u00e1bado 09 de agosto, la Corporaci\u00f3n El\u00e9ctrica Nacional (CORPOELEC) se desplegar\u00e1 en los municipios San Fernando, Biruaca,<\/p>\n","protected":false},"author":24,"featured_media":98341,"comment_status":"closed","ping_status":"closed","sticky":false,"template":"","format":"standard","meta":{"footnotes":""},"categories":[30],"tags":[2722,2758,2691,2769],"class_list":["post-99450","post","type-post","status-publish","format-standard","has-post-thumbnail","hentry","category-regionales","tag-apure","tag-atencion","tag-corpoelec","tag-usuario"],"_links":{"self":[{"href":"https:\/\/mppee.gob.ve\/index.php?rest_route=\/wp\/v2\/posts\/99450","targetHints":{"allow":["GET"]}}],"collection":[{"href":"https:\/\/mppee.gob.ve\/index.php?rest_route=\/wp\/v2\/posts"}],"about":[{"href":"https:\/\/mppee.gob.ve\/index.php?rest_route=\/wp\/v2\/types\/post"}],"author":[{"embeddable":true,"href":"https:\/\/mppee.gob.ve\/index.php?rest_route=\/wp\/v2\/users\/24"}],"replies":[{"embeddable":true,"href":"https:\/\/mppee.gob.ve\/index.php?rest_route=%2Fwp%2Fv2%2Fcomments&post=99450"}],"version-history":[{"count":1,"href":"https:\/\/mppee.gob.ve\/index.php?rest_route=\/wp\/v2\/posts\/99450\/revisions"}],"predecessor-version":[{"id":99451,"href":"https:\/\/mppee.gob.ve\/index.php?rest_route=\/wp\/v2\/posts\/99450\/revisions\/99451"}],"wp:featuredmedia":[{"embeddable":true,"href":"https:\/\/mppee.gob.ve\/index.php?rest_route=\/wp\/v2\/media\/98341"}],"wp:attachment":[{"href":"https:\/\/mppee.gob.ve\/index.php?rest_route=%2Fwp%2Fv2%2Fmedia&parent=99450"}],"wp:term":[{"taxonomy":"category","embeddable":true,"href":"https:\/\/mppee.gob.ve\/index.php?rest_route=%2Fwp%2Fv2%2Fcategories&post=99450"},{"taxonomy":"post_tag","embeddable":true,"href":"https:\/\/mppee.gob.ve\/index.php?rest_route=%2Fwp%2Fv2%2Ftags&post=99450"}],"curies":[{"name":"wp","href":"https:\/\/api.w.org\/{rel}","templated":true}]}}