{"id":99459,"date":"2025-08-08T17:25:54","date_gmt":"2025-08-08T17:25:54","guid":{"rendered":"https:\/\/mppee.gob.ve\/?p=99459"},"modified":"2025-08-08T17:25:55","modified_gmt":"2025-08-08T17:25:55","slug":"fundelec-consolida-su-legado-en-la-transformacion-social-de-venezuela","status":"publish","type":"post","link":"https:\/\/mppee.gob.ve\/?p=99459","title":{"rendered":"Fundelec consolida su legado en la transformaci\u00f3n social de Venezuela"},"content":{"rendered":"\n<p><strong>El Marqu\u00e9s, estado Miranda.- <\/strong>La Fundaci\u00f3n para el Desarrollo del Servicio El\u00e9ctrico (Fundelec), una de las instituciones con mayor trayectoria en el sector el\u00e9ctrico venezolano, conmemor\u00f3 su 33\u00b0 aniversario en una emotiva ceremonia realizada en el auditorio de la sede de la Corporaci\u00f3n El\u00e9ctrica Nacional (CORPOELEC), ubicada en El Marqu\u00e9s.<\/p>\n\n\n\n<p>La jornada reuni\u00f3 a trabajadores y trabajadoras, quienes celebraron el legado de una instituci\u00f3n que ha sido fundamental en la transformaci\u00f3n social del pa\u00eds, especialmente a trav\u00e9s de programas como Sembrando Luz y las Mesas T\u00e9cnicas de Energ\u00eda.<\/p>\n\n\n\n<p>La programaci\u00f3n incluy\u00f3 ponencias sobre el modelo de gesti\u00f3n de Fundelec y la exposici\u00f3n de los desaf\u00edos futuros en materia energ\u00e9tica para Venezuela. Adem\u00e1s, se impusieron condecoraciones a trabajadores y trabajadoras en reconocimiento a su dedicaci\u00f3n, esfuerzo y compromiso con el pa\u00eds.<\/p>\n\n\n\n<p>Durante el evento, Carlos Gonz\u00e1lez, director ejecutivo de Fundelec, resalt\u00f3 el car\u00e1cter estrat\u00e9gico de la instituci\u00f3n en materia de energ\u00edas alternativas, al tiempo que se\u00f1al\u00f3 la necesidad de seguir apostando a la innovaci\u00f3n y al desarrollo energ\u00e9tico, en sinton\u00eda con las tendencias globales.<\/p>\n\n\n\n<p>Por su parte, Amaranto Vargas, gerente general de Fortalecimiento del Poder Popular, destac\u00f3 la profunda vinculaci\u00f3n con las comunidades organizadas, cuya participaci\u00f3n resulta fundamental para consolidar el mandato del comandante Hugo Ch\u00e1vez de llevar la electrificaci\u00f3n a los territorios m\u00e1s apartados del pa\u00eds.<\/p>\n\n\n\n<p>Wladimir Rodr\u00edguez, condecorado por sus 20 a\u00f1os de servicio, valor\u00f3 positivamente no solo la evoluci\u00f3n, sino tambi\u00e9n la capacidad de adaptaci\u00f3n de Fundelec en su labor de acompa\u00f1ar y materializar proyectos en las comunidades.<\/p>\n\n\n\n<p>\u201cEl rol de la Fundaci\u00f3n es muy importante, ya que naci\u00f3 con un prop\u00f3sito particular y fue evolucionado con el pasar de los a\u00f1os, ofreciendo servicio el\u00e9ctrico a comunidades aisladas\u201d, apunt\u00f3.<\/p>\n\n\n\n<p>Adscrita al Ministerio del Poder Popular para la Energ\u00eda El\u00e9ctrica, Fundelec reafirma su compromiso de seguir contribuyendo al desarrollo social y energ\u00e9tico de Venezuela, en cumplimiento de las instrucciones del presidente de la Rep\u00fablica, Nicol\u00e1s Maduro.<\/p>\n\n\n\n<p><strong>Prensa MPPEE \u2013 CORPOELEC \/ Kris Carrasco<\/strong><\/p>\n","protected":false},"excerpt":{"rendered":"<p>El Marqu\u00e9s, estado Miranda.- La Fundaci\u00f3n para el Desarrollo del Servicio El\u00e9ctrico (Fundelec), una de las instituciones con mayor trayectoria<\/p>\n","protected":false},"author":24,"featured_media":99460,"comment_status":"closed","ping_status":"closed","sticky":false,"template":"","format":"standard","meta":{"footnotes":""},"categories":[1],"tags":[2691,2914,2825,3122],"class_list":["post-99459","post","type-post","status-publish","format-standard","has-post-thumbnail","hentry","category-mppee","tag-corpoelec","tag-fundelec","tag-mesas-tecnicas-de-energia","tag-poder-popular"],"_links":{"self":[{"href":"https:\/\/mppee.gob.ve\/index.php?rest_route=\/wp\/v2\/posts\/99459","targetHints":{"allow":["GET"]}}],"collection":[{"href":"https:\/\/mppee.gob.ve\/index.php?rest_route=\/wp\/v2\/posts"}],"about":[{"href":"https:\/\/mppee.gob.ve\/index.php?rest_route=\/wp\/v2\/types\/post"}],"author":[{"embeddable":true,"href":"https:\/\/mppee.gob.ve\/index.php?rest_route=\/wp\/v2\/users\/24"}],"replies":[{"embeddable":true,"href":"https:\/\/mppee.gob.ve\/index.php?rest_route=%2Fwp%2Fv2%2Fcomments&post=99459"}],"version-history":[{"count":1,"href":"https:\/\/mppee.gob.ve\/index.php?rest_route=\/wp\/v2\/posts\/99459\/revisions"}],"predecessor-version":[{"id":99461,"href":"https:\/\/mppee.gob.ve\/index.php?rest_route=\/wp\/v2\/posts\/99459\/revisions\/99461"}],"wp:featuredmedia":[{"embeddable":true,"href":"https:\/\/mppee.gob.ve\/index.php?rest_route=\/wp\/v2\/media\/99460"}],"wp:attachment":[{"href":"https:\/\/mppee.gob.ve\/index.php?rest_route=%2Fwp%2Fv2%2Fmedia&parent=99459"}],"wp:term":[{"taxonomy":"category","embeddable":true,"href":"https:\/\/mppee.gob.ve\/index.php?rest_route=%2Fwp%2Fv2%2Fcategories&post=99459"},{"taxonomy":"post_tag","embeddable":true,"href":"https:\/\/mppee.gob.ve\/index.php?rest_route=%2Fwp%2Fv2%2Ftags&post=99459"}],"curies":[{"name":"wp","href":"https:\/\/api.w.org\/{rel}","templated":true}]}}